{"id":8199,"date":"2023-08-01T08:26:15","date_gmt":"2023-08-01T05:26:15","guid":{"rendered":"https:\/\/www.urfabugun.com\/?p=8199"},"modified":"2023-08-01T08:26:22","modified_gmt":"2023-08-01T05:26:22","slug":"karakoprude-bir-mahallede-su-kesintisi-yasanacak","status":"publish","type":"post","link":"https:\/\/www.urfabugun.com\/index.php\/2023\/08\/01\/karakoprude-bir-mahallede-su-kesintisi-yasanacak\/","title":{"rendered":"Karak\u00f6pr\u00fc\u2019de Bir Mahallede Su Kesintisi Ya\u015fanacak!"},"content":{"rendered":"\n<p><\/p>\n\n\n\n<p><strong>\u015eanl\u0131urfa\u2019n\u0131n Karak\u00f6pr\u00fc il\u00e7esine ba\u011fl\u0131 narl\u0131kuyu mahallesinde Sal\u0131 g\u00fcn\u00fc (bug\u00fcn)\u00a0 saat 09.30 ile 17.00 aras\u0131nda su kesintisi ya\u015fanacak.<\/strong><\/p>\n\n\n\n<p>\u015eanl\u0131urfa Su ve Kanalizasyon \u0130\u015fleri Genel M\u00fcd\u00fcrl\u00fc\u011f\u00fc su kesintisi konusunda uyar\u0131da bulundu. \u015eUSK\u0130 Genel M\u00fcd\u00fcrl\u00fc\u011f\u00fc taraf\u0131ndan yap\u0131lan a\u00e7\u0131klamaya g\u00f6re \u015eanl\u0131urfa\u2019n\u0131n Karak\u00f6pr\u00fc il\u00e7esinde 1 mahallede ge\u00e7ici olarak su kesintisi ya\u015fanacak.<\/p>\n\n\n\n<p>\u015eUSK\u0130 sosyal medya hesab\u0131ndan yapt\u0131\u011f\u0131 payla\u015f\u0131mda:\u201d \u015eanl\u0131urfa\u2019n\u0131n Karak\u00f6pr\u00fc il\u00e7esine ba\u011fl\u0131 narl\u0131kuyu mahallesinde hat ba\u011flant\u0131 \u00e7al\u0131\u015fmas\u0131 nedeni ile 1 A\u011fustos Sal\u0131 g\u00fcn\u00fc&nbsp; (Bug\u00fcn) saat 09.30 ile 17.00 aras\u0131nda Konuklu mahallesinde su kesintisi meydana gelecek\u2019\u2019 dedi.<\/p>\n","protected":false},"excerpt":{"rendered":"<p>\u015eanl\u0131urfa\u2019n\u0131n Karak\u00f6pr\u00fc il\u00e7esine ba\u011fl\u0131 narl\u0131kuyu mahallesinde Sal\u0131 g\u00fcn\u00fc (bug\u00fcn)\u00a0 saat 09.30 ile 17.00 aras\u0131nda su kesintisi&#46;&#46;&#46;<\/p>\n","protected":false},"author":2,"featured_media":8120,"comment_status":"open","ping_status":"open","sticky":false,"template":"","format":"standard","meta":{"inline_featured_image":false,"footnotes":""},"categories":[92],"tags":[499,131,1784,898,107],"manset":[],"class_list":["post-8199","post","type-post","status-publish","format-standard","has-post-thumbnail","hentry","category-yasam-haberleri","tag-karakopru","tag-son-dakika","tag-su-kesintisi","tag-suski","tag-ub"],"_links":{"self":[{"href":"https:\/\/www.urfabugun.com\/index.php\/wp-json\/wp\/v2\/posts\/8199","targetHints":{"allow":["GET"]}}],"collection":[{"href":"https:\/\/www.urfabugun.com\/index.php\/wp-json\/wp\/v2\/posts"}],"about":[{"href":"https:\/\/www.urfabugun.com\/index.php\/wp-json\/wp\/v2\/types\/post"}],"author":[{"embeddable":true,"href":"https:\/\/www.urfabugun.com\/index.php\/wp-json\/wp\/v2\/users\/2"}],"replies":[{"embeddable":true,"href":"https:\/\/www.urfabugun.com\/index.php\/wp-json\/wp\/v2\/comments?post=8199"}],"version-history":[{"count":0,"href":"https:\/\/www.urfabugun.com\/index.php\/wp-json\/wp\/v2\/posts\/8199\/revisions"}],"wp:featuredmedia":[{"embeddable":true,"href":"https:\/\/www.urfabugun.com\/index.php\/wp-json\/wp\/v2\/media\/8120"}],"wp:attachment":[{"href":"https:\/\/www.urfabugun.com\/index.php\/wp-json\/wp\/v2\/media?parent=8199"}],"wp:term":[{"taxonomy":"category","embeddable":true,"href":"https:\/\/www.urfabugun.com\/index.php\/wp-json\/wp\/v2\/categories?post=8199"},{"taxonomy":"post_tag","embeddable":true,"href":"https:\/\/www.urfabugun.com\/index.php\/wp-json\/wp\/v2\/tags?post=8199"},{"taxonomy":"manset","embeddable":true,"href":"https:\/\/www.urfabugun.com\/index.php\/wp-json\/wp\/v2\/manset?post=8199"}],"curies":[{"name":"wp","href":"https:\/\/api.w.org\/{rel}","templated":true}]}}