{"id":8202,"date":"2023-08-01T08:31:52","date_gmt":"2023-08-01T05:31:52","guid":{"rendered":"https:\/\/www.urfabugun.com\/?p=8202"},"modified":"2023-08-01T08:31:58","modified_gmt":"2023-08-01T05:31:58","slug":"cumhurbaskani-erdoganin-imzasiyla-20-universiteye-yeni-rektor-atandi","status":"publish","type":"post","link":"https:\/\/www.urfabugun.com\/index.php\/2023\/08\/01\/cumhurbaskani-erdoganin-imzasiyla-20-universiteye-yeni-rektor-atandi\/","title":{"rendered":"Cumhurba\u015fkan\u0131 Erdo\u011fan&#8217;\u0131n \u0130mzas\u0131yla 20 \u00dcniversiteye Yeni Rekt\u00f6r Atand\u0131!"},"content":{"rendered":"\n<p><\/p>\n\n\n\n<p><strong>Cumhurba\u015fkan\u0131 Erdo\u011fan&#8217;\u0131n imzas\u0131yla yay\u0131mlanan atama kararlar\u0131na g\u00f6re, 20 \u00fcniversiteye yeni rekt\u00f6r atand\u0131. Ayn\u0131 Resmi Gazete karar\u0131yla Y\u00d6K&#8217;e de 5 yeni \u00fcye se\u00e7ildi.<\/strong><\/p>\n\n\n\n<p>Cumhurba\u015fkan\u0131 Recep Tayyip Erdo\u011fan&#8217;\u0131n imzas\u0131yla yay\u0131mlanan atama kararlar\u0131na g\u00f6re,<\/p>\n\n\n\n<p>Ad\u0131yaman \u00dcniversitesi Rekt\u00f6rl\u00fc\u011f\u00fc&#8217;ne Prof. Dr. Mehmet Kelle\u015f;<\/p>\n\n\n\n<p>Aksaray \u00dcniversitesi Rekt\u00f6rl\u00fc\u011f\u00fc&#8217;ne Prof. Dr. Alpay Ar\u0131ba\u015f;<\/p>\n\n\n\n<p>Alanya Alaaddin Keykubat \u00dcniversitesi Rekt\u00f6rl\u00fc\u011f\u00fc&#8217;ne Prof. Dr. Kenan Ahmet T\u00fcrkdo\u011fan;<\/p>\n\n\n\n<p>Ankara Hac\u0131 Bayram Veli \u00dcniversitesi Rekt\u00f6rl\u00fc\u011f\u00fc&#8217;ne Prof. Dr. Mehmet Naci Bostanc\u0131;<\/p>\n\n\n\n<p>Amasya \u00dcniversitesi Rekt\u00f6rl\u00fc\u011f\u00fc&#8217;ne, Prof. Dr. Ahmet Hakk\u0131 Turabi;<\/p>\n\n\n\n<p>Ankara Y\u0131ld\u0131r\u0131m Beyaz\u0131t \u00dcniversitesi Rekt\u00f6rl\u00fc\u011f\u00fc&#8217;ne, Prof. Dr. Ali Cengiz K\u00f6seo\u011flu;<\/p>\n\n\n\n<p>Giresun \u00dcniversitesi Rekt\u00f6rl\u00fc\u011f\u00fc&#8217;ne, Prof. Dr. Y\u0131lmaz Can;<\/p>\n\n\n\n<p>Hitit \u00dcniversitesi Rekt\u00f6rl\u00fc\u011f\u00fc&#8217;ne, Prof. Dr. Ali Osman \u00d6zt\u00fcrk;<\/p>\n\n\n\n<p>\u0130stanbul \u00dcniversitesi Rekt\u00f6rl\u00fc\u011f\u00fc&#8217;ne, Prof. Dr. Osman B\u00fclent Z\u00fclfikar;<\/p>\n\n\n\n<p>Karab\u00fck \u00dcniversitesi Rekt\u00f6rl\u00fc\u011f\u00fc&#8217;ne, Prof. Dr. Fatih K\u0131r\u0131\u015f\u0131k;<\/p>\n\n\n\n<p>Kastamonu \u00dcniversitesi Rekt\u00f6rl\u00fc\u011f\u00fc&#8217;ne, Prof. Dr. Ahmet Hamdi Topal;<\/p>\n\n\n\n<p>K\u0131r\u015fehir Ahi Evran \u00dcniversitesi Rekt\u00f6rl\u00fc\u011f\u00fc&#8217;ne, Prof. Dr. Mustafa Kas\u0131m Karahocagil;<\/p>\n\n\n\n<p>Ko\u00e7 \u00dcniversitesi Rekt\u00f6rl\u00fc\u011f\u00fc&#8217;ne, Prof. Dr. Metin Sitti;<\/p>\n\n\n\n<p>K\u00fctahya Dumlup\u0131nar \u00dcniversitesi Rekt\u00f6rl\u00fc\u011f\u00fc&#8217;ne, Prof. Dr. S\u00fcleyman K\u0131z\u0131ltoprak;<\/p>\n\n\n\n<p>Manisa Celal Bayar \u00dcniversitesi Rekt\u00f6rl\u00fc\u011f\u00fc&#8217;ne, Prof. Dr. Rana Kibar;<\/p>\n\n\n\n<p>Ordu \u00dcniversitesi Rekt\u00f6rl\u00fc\u011f\u00fc&#8217;ne, Prof. Dr. Orhan Ba\u015f;<\/p>\n\n\n\n<p>Sa\u011fl\u0131k Bilimleri \u00dcniversitesi Rekt\u00f6rl\u00fc\u011f\u00fc&#8217;ne, Prof. Dr. Kemalettin Ayd\u0131n;<\/p>\n\n\n\n<p>Sinop \u00dcniversitesi Rekt\u00f6rl\u00fc\u011f\u00fc&#8217;ne, Prof. Dr. \u015eakir Ta\u015fdemir;<\/p>\n\n\n\n<p>S\u00fcleyman Demirel \u00dcniversitesi Rekt\u00f6rl\u00fc\u011f\u00fc&#8217;ne, Prof. Dr. Mehmet Saltan;<\/p>\n\n\n\n<p>Yozgat Bozok \u00dcniversitesi Rekt\u00f6rl\u00fc\u011f\u00fc&#8217;ne, Prof. Dr. Evren Ya\u015far atand\u0131.<\/p>\n\n\n\n<p><strong>Y\u00d6K&#8217;E 5 YEN\u0130 \u00dcYE<\/strong><\/p>\n\n\n\n<p>Y\u00fcksek\u00f6\u011fretim Kurulu (Y\u00d6K) \u00fcyeli\u011fine 5 ki\u015finin atanmas\u0131na ili\u015fkin Cumhurba\u015fkanl\u0131\u011f\u0131 taraf\u0131ndan yap\u0131lan atama karar\u0131 Resmi Gazete&#8217;de yay\u0131mland\u0131.<\/p>\n\n\n\n<p>Cumhurba\u015fkan\u0131 Recep Tayyip Erdo\u011fan&#8217;\u0131n imzas\u0131yla Resmi Gazete&#8217;de yay\u0131mlanan karara g\u00f6re; Prof. Dr. Hasan Mandal, Prof. Dr. Halit Ey\u00fcp \u00d6zdemir, Prof. Dr. Mahmut Ak, Prof. Dr. \u0130lker H\u00fcseyin \u00c7ar\u0131k\u00e7\u0131 ve Prof. Dr. Haluk G\u00f6rg\u00fcn Y\u00d6K \u00fcyesi olarak se\u00e7ildi. S\u00f6z konusu atama karar\u0131, 2547 Say\u0131l\u0131 Y\u00fcksek\u00f6\u011fretim Kanunu&#8217;nun 6&#8217;nc\u0131 maddesinin b\/1 bendi ve 3 say\u0131l\u0131 Cumhurba\u015fkanl\u0131\u011f\u0131 Kararnamesi&#8217;nin 2, 3 ve 7&#8217;nci maddeleri gere\u011fince verildi.<\/p>\n","protected":false},"excerpt":{"rendered":"<p>Cumhurba\u015fkan\u0131 Erdo\u011fan&#8217;\u0131n imzas\u0131yla yay\u0131mlanan atama kararlar\u0131na g\u00f6re, 20 \u00fcniversiteye yeni rekt\u00f6r atand\u0131. Ayn\u0131 Resmi Gazete karar\u0131yla&#46;&#46;&#46;<\/p>\n","protected":false},"author":2,"featured_media":8204,"comment_status":"open","ping_status":"open","sticky":false,"template":"","format":"standard","meta":{"inline_featured_image":false,"footnotes":""},"categories":[82],"tags":[2437,2438,131,107,608],"manset":[],"class_list":["post-8202","post","type-post","status-publish","format-standard","has-post-thumbnail","hentry","category-gundem-haberleri","tag-cumhurbaskani-erdoganin-imzasiyla-20-universiteye-yeni-rektor-atandi","tag-rektor-atama","tag-son-dakika","tag-ub","tag-urfa-bugun"],"_links":{"self":[{"href":"https:\/\/www.urfabugun.com\/index.php\/wp-json\/wp\/v2\/posts\/8202","targetHints":{"allow":["GET"]}}],"collection":[{"href":"https:\/\/www.urfabugun.com\/index.php\/wp-json\/wp\/v2\/posts"}],"about":[{"href":"https:\/\/www.urfabugun.com\/index.php\/wp-json\/wp\/v2\/types\/post"}],"author":[{"embeddable":true,"href":"https:\/\/www.urfabugun.com\/index.php\/wp-json\/wp\/v2\/users\/2"}],"replies":[{"embeddable":true,"href":"https:\/\/www.urfabugun.com\/index.php\/wp-json\/wp\/v2\/comments?post=8202"}],"version-history":[{"count":0,"href":"https:\/\/www.urfabugun.com\/index.php\/wp-json\/wp\/v2\/posts\/8202\/revisions"}],"wp:featuredmedia":[{"embeddable":true,"href":"https:\/\/www.urfabugun.com\/index.php\/wp-json\/wp\/v2\/media\/8204"}],"wp:attachment":[{"href":"https:\/\/www.urfabugun.com\/index.php\/wp-json\/wp\/v2\/media?parent=8202"}],"wp:term":[{"taxonomy":"category","embeddable":true,"href":"https:\/\/www.urfabugun.com\/index.php\/wp-json\/wp\/v2\/categories?post=8202"},{"taxonomy":"post_tag","embeddable":true,"href":"https:\/\/www.urfabugun.com\/index.php\/wp-json\/wp\/v2\/tags?post=8202"},{"taxonomy":"manset","embeddable":true,"href":"https:\/\/www.urfabugun.com\/index.php\/wp-json\/wp\/v2\/manset?post=8202"}],"curies":[{"name":"wp","href":"https:\/\/api.w.org\/{rel}","templated":true}]}}