{"id":8215,"date":"2023-08-02T08:36:37","date_gmt":"2023-08-02T05:36:37","guid":{"rendered":"https:\/\/www.urfabugun.com\/?p=8215"},"modified":"2023-08-02T08:36:43","modified_gmt":"2023-08-02T05:36:43","slug":"gece-yarisi-kararnamesi-sanliurfa-emniyet-muduru-gorevinden-alindi","status":"publish","type":"post","link":"https:\/\/www.urfabugun.com\/index.php\/2023\/08\/02\/gece-yarisi-kararnamesi-sanliurfa-emniyet-muduru-gorevinden-alindi\/","title":{"rendered":"Gece Yar\u0131s\u0131 Kararnamesi: \u015eanl\u0131urfa Emniyet M\u00fcd\u00fcr\u00fc G\u00f6revinden Al\u0131nd\u0131!"},"content":{"rendered":"\n<p><\/p>\n\n\n\n<p><strong>\u015eanl\u0131urfa \u0130l Emniyet M\u00fcd\u00fcr\u00fc Mehmet Murat Ulucan g\u00f6revden al\u0131nd\u0131.Polis Ba\u015fm\u00fcfetti\u015fi Erdem Bildirici \u015eanl\u0131urfa Emniyet M\u00fcd\u00fcr\u00fc olarak atand\u0131.<\/strong><\/p>\n\n\n\n<p>Cumhurba\u015fkan\u0131 Recep Tayyip Erdo\u011fan imzas\u0131yla gece yar\u0131s\u0131 Emniyet M\u00fcd\u00fcrleri Kararnamesi yay\u0131nland\u0131.<\/p>\n\n\n\n<p>Emniyet M\u00fcd\u00fcrleri Kararnamesinde \u015eanl\u0131urfa \u0130l Emniyet M\u00fcd\u00fcr\u00fc Mehmet Murat Ulucan, Merkeze al\u0131n\u0131rken yerine Polis Ba\u015fm\u00fcfetti\u015fi Erdem Bildirici \u015eanl\u0131urfa Emniyet M\u00fcd\u00fcr\u00fc olarak atand\u0131..<\/p>\n","protected":false},"excerpt":{"rendered":"<p>\u015eanl\u0131urfa \u0130l Emniyet M\u00fcd\u00fcr\u00fc Mehmet Murat Ulucan g\u00f6revden al\u0131nd\u0131.Polis Ba\u015fm\u00fcfetti\u015fi Erdem Bildirici \u015eanl\u0131urfa Emniyet M\u00fcd\u00fcr\u00fc olarak&#46;&#46;&#46;<\/p>\n","protected":false},"author":2,"featured_media":8217,"comment_status":"open","ping_status":"open","sticky":false,"template":"","format":"standard","meta":{"inline_featured_image":false,"footnotes":""},"categories":[82],"tags":[2443,511,118,2442,131,107,608],"manset":[],"class_list":["post-8215","post","type-post","status-publish","format-standard","has-post-thumbnail","hentry","category-gundem-haberleri","tag-erdem-bildirici","tag-mehmet-murat-ulucan","tag-sanliurfa","tag-sanliurfa-emniyet-muduru-gorevinden-alindi","tag-son-dakika","tag-ub","tag-urfa-bugun"],"_links":{"self":[{"href":"https:\/\/www.urfabugun.com\/index.php\/wp-json\/wp\/v2\/posts\/8215","targetHints":{"allow":["GET"]}}],"collection":[{"href":"https:\/\/www.urfabugun.com\/index.php\/wp-json\/wp\/v2\/posts"}],"about":[{"href":"https:\/\/www.urfabugun.com\/index.php\/wp-json\/wp\/v2\/types\/post"}],"author":[{"embeddable":true,"href":"https:\/\/www.urfabugun.com\/index.php\/wp-json\/wp\/v2\/users\/2"}],"replies":[{"embeddable":true,"href":"https:\/\/www.urfabugun.com\/index.php\/wp-json\/wp\/v2\/comments?post=8215"}],"version-history":[{"count":0,"href":"https:\/\/www.urfabugun.com\/index.php\/wp-json\/wp\/v2\/posts\/8215\/revisions"}],"wp:featuredmedia":[{"embeddable":true,"href":"https:\/\/www.urfabugun.com\/index.php\/wp-json\/wp\/v2\/media\/8217"}],"wp:attachment":[{"href":"https:\/\/www.urfabugun.com\/index.php\/wp-json\/wp\/v2\/media?parent=8215"}],"wp:term":[{"taxonomy":"category","embeddable":true,"href":"https:\/\/www.urfabugun.com\/index.php\/wp-json\/wp\/v2\/categories?post=8215"},{"taxonomy":"post_tag","embeddable":true,"href":"https:\/\/www.urfabugun.com\/index.php\/wp-json\/wp\/v2\/tags?post=8215"},{"taxonomy":"manset","embeddable":true,"href":"https:\/\/www.urfabugun.com\/index.php\/wp-json\/wp\/v2\/manset?post=8215"}],"curies":[{"name":"wp","href":"https:\/\/api.w.org\/{rel}","templated":true}]}}