{"id":8271,"date":"2023-08-03T19:22:12","date_gmt":"2023-08-03T16:22:12","guid":{"rendered":"https:\/\/www.urfabugun.com\/?p=8271"},"modified":"2023-08-03T19:22:18","modified_gmt":"2023-08-03T16:22:18","slug":"sanliurfadaki-tarihi-balikligol-binlerce-turisti-agirliyor","status":"publish","type":"post","link":"https:\/\/www.urfabugun.com\/index.php\/2023\/08\/03\/sanliurfadaki-tarihi-balikligol-binlerce-turisti-agirliyor\/","title":{"rendered":"\u015eanl\u0131urfa&#8217;daki Tarihi Bal\u0131kl\u0131g\u00f6l, Binlerce Turisti A\u011f\u0131rl\u0131yor!"},"content":{"rendered":"\n<p><\/p>\n\n\n\n<p><strong>G\u00fcneydo\u011fu&#8217;nun \u00f6nemli turizm merkezlerinden \u015eanl\u0131urfa&#8217;da, Hazreti \u0130brahim&#8217;in do\u011fup b\u00fcy\u00fcd\u00fc\u011f\u00fc, d\u00f6nemin h\u00fck\u00fcmdar\u0131 Nemrut taraf\u0131ndan ate\u015fe at\u0131ld\u0131\u011f\u0131 yer olarak rivayet edilen ve do\u011fal g\u00fczellikleriyle dikkati \u00e7eken tarihi Bal\u0131kl\u0131g\u00f6l, her y\u0131l binlerce yerli ve yabanc\u0131 turiste ev sahipli\u011fi yap\u0131yor.<\/strong><\/p>\n\n\n\n<p>D\u00fcnyan\u0131n &#8220;en b\u00fcy\u00fck do\u011fal akvaryumu&#8221; olman\u0131n yan\u0131 s\u0131ra \u00f6nemli inan\u00e7 merkezlerinden biri olan Bal\u0131kl\u0131g\u00f6l&#8217;de, y\u0131l\u0131n her d\u00f6nemi yo\u011funluk ya\u015fan\u0131yor.<\/p>\n\n\n\n<p>Kentle \u00f6zde\u015fle\u015fen ve Hazreti \u0130brahim&#8217;in ate\u015fe at\u0131ld\u0131\u011f\u0131 yer olarak da bilinen Bal\u0131kl\u0131g\u00f6l, hikayesiyle de insanlar\u0131 etkiliyor.<\/p>\n\n\n\n<figure class=\"wp-block-gallery has-nested-images columns-default is-cropped wp-block-gallery-1 is-layout-flex wp-block-gallery-is-layout-flex\">\n<figure class=\"wp-block-image size-large\"><img loading=\"lazy\" decoding=\"async\" width=\"1024\" height=\"683\" data-id=\"8274\" src=\"https:\/\/www.urfabugun.com\/wp-content\/uploads\/2023\/08\/AA-20230803-31829565-31829563-SANLIURFADAKI_TARIHI_BALIKLIGOL_BINLERCE_TURISTI_AGIRLIYOR-1024x683.jpg\" alt=\"\" class=\"wp-image-8274\"\/><figcaption class=\"wp-element-caption\">G\u00fcneydo\u011fu&#8217;nun \u00f6nemli turizm merkezlerinden \u015eanl\u0131urfa&#8217;da, Hazreti \u0130brahim&#8217;in do\u011fup b\u00fcy\u00fcd\u00fc\u011f\u00fc, d\u00f6nemin h\u00fck\u00fcmdar\u0131 Nemrut taraf\u0131ndan ate\u015fe at\u0131ld\u0131\u011f\u0131 yer olarak rivayet edilen ve do\u011fal g\u00fczellikleriyle dikkati \u00e7eken tarihi Bal\u0131kl\u0131g\u00f6l, her y\u0131l binlerce yerli ve yabanc\u0131 turiste ev sahipli\u011fi yap\u0131yor. Yakla\u015f\u0131k 150 metre uzunlu\u011funda ve 30 metre geni\u015fli\u011finde, derinli\u011fi 3-5 metre civar\u0131ndaki g\u00f6l, i\u00e7inde efsanelere konu olan sazan t\u00fcr\u00fc bal\u0131klar\u0131yla \u015eanl\u0131urfa turizminin \u00e7ekim merkezi olarak adland\u0131r\u0131yor. ( Mustafa \u00c7ift\u00e7i &#8211; Anadolu Ajans\u0131 )<\/figcaption><\/figure>\n<\/figure>\n\n\n\n<p>Yakla\u015f\u0131k 150 metre uzunlu\u011funda ve 30 metre geni\u015fli\u011finde, derinli\u011fi 3-5 metre civar\u0131ndaki g\u00f6l, i\u00e7inde efsanelere konu olan sazan t\u00fcr\u00fc bal\u0131klar\u0131yla \u015eanl\u0131urfa turizminin \u00e7ekim merkezi olarak adland\u0131r\u0131yor.<\/p>\n\n\n\n<p>Tarihi alan\u0131 gezen turistler, g\u00f6ldeki kutsal kabul edilen bal\u0131klara yem at\u0131yor, foto\u011fraf \u00e7ektirip, yerle\u015fkedeki mekanlar\u0131 ziyaret ediyor. Buradan Urfa Kalesi&#8217;ne de \u00e7\u0131kan konuklar, tarihi ve yeni yap\u0131lar\u0131n i\u00e7 i\u00e7e oldu\u011fu kenti ku\u015f bak\u0131\u015f\u0131 seyretme imkan\u0131 buluyor.<\/p>\n\n\n\n<p>Bal\u0131kl\u0131g\u00f6l, \u0131\u015f\u0131kland\u0131rma sistemiyle de geceleri ziyaret\u00e7ilerine ayr\u0131 bir g\u00f6rsel g\u00fczellik sunuyor.<\/p>\n","protected":false},"excerpt":{"rendered":"<p>G\u00fcneydo\u011fu&#8217;nun \u00f6nemli turizm merkezlerinden \u015eanl\u0131urfa&#8217;da, Hazreti \u0130brahim&#8217;in do\u011fup b\u00fcy\u00fcd\u00fc\u011f\u00fc, d\u00f6nemin h\u00fck\u00fcmdar\u0131 Nemrut taraf\u0131ndan ate\u015fe at\u0131ld\u0131\u011f\u0131 yer&#46;&#46;&#46;<\/p>\n","protected":false},"author":2,"featured_media":8273,"comment_status":"open","ping_status":"open","sticky":false,"template":"","format":"standard","meta":{"inline_featured_image":false,"footnotes":""},"categories":[92],"tags":[392,2460,118,2459,131,1714,107,608],"manset":[],"class_list":["post-8271","post","type-post","status-publish","format-standard","has-post-thumbnail","hentry","category-yasam-haberleri","tag-balikligol","tag-binlerce-turisti-agirliyor","tag-sanliurfa","tag-sanliurfadaki-tarihi-balikligol","tag-son-dakika","tag-turist","tag-ub","tag-urfa-bugun"],"_links":{"self":[{"href":"https:\/\/www.urfabugun.com\/index.php\/wp-json\/wp\/v2\/posts\/8271","targetHints":{"allow":["GET"]}}],"collection":[{"href":"https:\/\/www.urfabugun.com\/index.php\/wp-json\/wp\/v2\/posts"}],"about":[{"href":"https:\/\/www.urfabugun.com\/index.php\/wp-json\/wp\/v2\/types\/post"}],"author":[{"embeddable":true,"href":"https:\/\/www.urfabugun.com\/index.php\/wp-json\/wp\/v2\/users\/2"}],"replies":[{"embeddable":true,"href":"https:\/\/www.urfabugun.com\/index.php\/wp-json\/wp\/v2\/comments?post=8271"}],"version-history":[{"count":0,"href":"https:\/\/www.urfabugun.com\/index.php\/wp-json\/wp\/v2\/posts\/8271\/revisions"}],"wp:featuredmedia":[{"embeddable":true,"href":"https:\/\/www.urfabugun.com\/index.php\/wp-json\/wp\/v2\/media\/8273"}],"wp:attachment":[{"href":"https:\/\/www.urfabugun.com\/index.php\/wp-json\/wp\/v2\/media?parent=8271"}],"wp:term":[{"taxonomy":"category","embeddable":true,"href":"https:\/\/www.urfabugun.com\/index.php\/wp-json\/wp\/v2\/categories?post=8271"},{"taxonomy":"post_tag","embeddable":true,"href":"https:\/\/www.urfabugun.com\/index.php\/wp-json\/wp\/v2\/tags?post=8271"},{"taxonomy":"manset","embeddable":true,"href":"https:\/\/www.urfabugun.com\/index.php\/wp-json\/wp\/v2\/manset?post=8271"}],"curies":[{"name":"wp","href":"https:\/\/api.w.org\/{rel}","templated":true}]}}