{"id":8276,"date":"2023-08-04T10:40:29","date_gmt":"2023-08-04T07:40:29","guid":{"rendered":"https:\/\/www.urfabugun.com\/?p=8276"},"modified":"2023-08-04T10:40:36","modified_gmt":"2023-08-04T07:40:36","slug":"sanliurfada-tira-carpan-otomobildeki-2-kisi-hayatini-kaybetti","status":"publish","type":"post","link":"https:\/\/www.urfabugun.com\/index.php\/2023\/08\/04\/sanliurfada-tira-carpan-otomobildeki-2-kisi-hayatini-kaybetti\/","title":{"rendered":"\u015eanl\u0131urfa&#8217;da T\u0131ra \u00c7arpan Otomobildeki 2 Ki\u015fi Hayat\u0131n\u0131 Kaybetti!"},"content":{"rendered":"\n<p><\/p>\n\n\n\n<p><strong>\u015eanl\u0131urfa&#8217;da otomobilin t\u0131ra arkadan \u00e7arpmas\u0131 sonucu 2 ki\u015fi ya\u015fam\u0131n\u0131 yitirdi.<\/strong><\/p>\n\n\n\n<p>\u015eanl\u0131urfa-Ak\u00e7akale kara yolunun 3&#8217;\u00fcnc\u00fc kilometresinde Emrah Keklik (22) idaresindeki 07 NZ 501 plakal\u0131 otomobil, H.Y. y\u00f6netimindeki 63 K 7791 plakal\u0131 t\u0131ra arkadan \u00e7arpt\u0131.<\/p>\n\n\n\n<p>\u00c7evredekilerin ihbar\u0131 \u00fczerine b\u00f6lgeye polis, itfaiye ve sa\u011fl\u0131k ekipleri y\u00f6nlendirildi. Bir b\u00f6l\u00fcm\u00fc t\u0131r\u0131n dorsesinin alt\u0131na giren otomobil, itfaiye ekiplerinin \u00e7al\u0131\u015fmas\u0131 sonucu \u00e7\u0131kar\u0131ld\u0131.<\/p>\n\n\n\n<p>Otomobilde s\u0131k\u0131\u015fan s\u00fcr\u00fcc\u00fc ve Yunus Emre Ata\u015flar&#8217;\u0131n (22) hayat\u0131n\u0131 kaybetti\u011fi belirlendi.<\/p>\n","protected":false},"excerpt":{"rendered":"<p>\u015eanl\u0131urfa&#8217;da otomobilin t\u0131ra arkadan \u00e7arpmas\u0131 sonucu 2 ki\u015fi ya\u015fam\u0131n\u0131 yitirdi. \u015eanl\u0131urfa-Ak\u00e7akale kara yolunun 3&#8217;\u00fcnc\u00fc kilometresinde Emrah&#46;&#46;&#46;<\/p>\n","protected":false},"author":2,"featured_media":8278,"comment_status":"open","ping_status":"open","sticky":false,"template":"","format":"standard","meta":{"inline_featured_image":false,"footnotes":""},"categories":[1],"tags":[184,2462,2461,131,107,608,2463],"manset":[],"class_list":["post-8276","post","type-post","status-publish","format-standard","has-post-thumbnail","hentry","category-genel","tag-asayis","tag-emrah-keklik","tag-sanliurfada-tira-carpan-otomobildeki-2-kisi-hayatini-kaybetti","tag-son-dakika","tag-ub","tag-urfa-bugun","tag-yunus-emre-ataslar"],"_links":{"self":[{"href":"https:\/\/www.urfabugun.com\/index.php\/wp-json\/wp\/v2\/posts\/8276","targetHints":{"allow":["GET"]}}],"collection":[{"href":"https:\/\/www.urfabugun.com\/index.php\/wp-json\/wp\/v2\/posts"}],"about":[{"href":"https:\/\/www.urfabugun.com\/index.php\/wp-json\/wp\/v2\/types\/post"}],"author":[{"embeddable":true,"href":"https:\/\/www.urfabugun.com\/index.php\/wp-json\/wp\/v2\/users\/2"}],"replies":[{"embeddable":true,"href":"https:\/\/www.urfabugun.com\/index.php\/wp-json\/wp\/v2\/comments?post=8276"}],"version-history":[{"count":0,"href":"https:\/\/www.urfabugun.com\/index.php\/wp-json\/wp\/v2\/posts\/8276\/revisions"}],"wp:featuredmedia":[{"embeddable":true,"href":"https:\/\/www.urfabugun.com\/index.php\/wp-json\/wp\/v2\/media\/8278"}],"wp:attachment":[{"href":"https:\/\/www.urfabugun.com\/index.php\/wp-json\/wp\/v2\/media?parent=8276"}],"wp:term":[{"taxonomy":"category","embeddable":true,"href":"https:\/\/www.urfabugun.com\/index.php\/wp-json\/wp\/v2\/categories?post=8276"},{"taxonomy":"post_tag","embeddable":true,"href":"https:\/\/www.urfabugun.com\/index.php\/wp-json\/wp\/v2\/tags?post=8276"},{"taxonomy":"manset","embeddable":true,"href":"https:\/\/www.urfabugun.com\/index.php\/wp-json\/wp\/v2\/manset?post=8276"}],"curies":[{"name":"wp","href":"https:\/\/api.w.org\/{rel}","templated":true}]}}