{"id":8280,"date":"2023-08-04T10:49:35","date_gmt":"2023-08-04T07:49:35","guid":{"rendered":"https:\/\/www.urfabugun.com\/?p=8280"},"modified":"2023-08-04T10:49:41","modified_gmt":"2023-08-04T07:49:41","slug":"istanbulda-kritik-toplanti-simsek-ve-erkan-uluslararasi-yatirimcilarla-gorusecek","status":"publish","type":"post","link":"https:\/\/www.urfabugun.com\/index.php\/2023\/08\/04\/istanbulda-kritik-toplanti-simsek-ve-erkan-uluslararasi-yatirimcilarla-gorusecek\/","title":{"rendered":"\u0130stanbul&#8217;da Kritik Toplant\u0131: \u015eim\u015fek ve Erkan Uluslararas\u0131 Yat\u0131r\u0131mc\u0131larla G\u00f6r\u00fc\u015fecek!"},"content":{"rendered":"\n<p><\/p>\n\n\n\n<p><strong>Hazine ve Maliye Bakan\u0131 Mehmet \u015eim\u015fek ile Merkez Bankas\u0131 Ba\u015fkan\u0131 Hafize Gaye Erkan yar\u0131n \u0130stanbul&#8217;da JP Morgan&#8217;\u0131n d\u00fczenleyece\u011fi yat\u0131r\u0131mc\u0131 toplant\u0131s\u0131na kat\u0131lacak. Kaynaklardan edinilen bilgilere g\u00f6re, \u015eim\u015fek ve Erkan&#8217;\u0131n toplant\u0131da bir konu\u015fma yapacak.<\/strong><\/p>\n\n\n\n<p><\/p>\n\n\n\n<p>Hazine ve Maliye Bakan\u0131 Mehmet \u015eim\u015fek ile T\u00fcrkiye Cumhuriyet Merkez Bankas\u0131 (TCMB) Ba\u015fkan\u0131 Hafize Gaye Erkan yar\u0131n \u0130stanbul&#8217;da d\u00fcnyan\u0131n \u00f6nemli bankalar\u0131ndan olan JP Morgan&#8217;\u0131n d\u00fczenleyece\u011fi yat\u0131r\u0131mc\u0131 toplant\u0131s\u0131na kat\u0131lacak.<\/p>\n\n\n\n<p><strong>MERKEZ BANKASINDAN B\u0130R A\u00c7IKLAMA GELD\u0130<\/strong><\/p>\n\n\n\n<p>Reuters&#8217;ta yer alan habere g\u00f6re, \u015eim\u015fek ve Erkan&#8217;\u0131n toplant\u0131da bir konu\u015fma yapacak. Bir kaynak ise &#8220;\u015eim\u015fek yat\u0131r\u0131mc\u0131larla ekonomi y\u00f6netiminin bug\u00fcne kadar yapt\u0131klar\u0131n\u0131n yan\u0131 s\u0131ra beklentilerini de payla\u015facak&#8221; dedi.<\/p>\n\n\n\n<p>Hazine, TCMB konuyla ilgili herhangi bir bilgi payla\u015fmad\u0131, JP Morgan haberin yaz\u0131ld\u0131\u011f\u0131 s\u0131rada bir a\u00e7\u0131klama yapmad\u0131. Erkan ge\u00e7en hafta y\u0131l\u0131n \u00fc\u00e7\u00fcnc\u00fcs\u00fc enflasyon raporunun a\u00e7\u0131kland\u0131\u011f\u0131 toplant\u0131da ilk kez bas\u0131n\u0131n sorular\u0131n\u0131 yan\u0131tlam\u0131\u015f ve en k\u0131sa zamanda yat\u0131r\u0131mc\u0131 toplant\u0131lar\u0131 yapacaklar\u0131n\u0131 a\u00e7\u0131klam\u0131\u015ft\u0131.<\/p>\n","protected":false},"excerpt":{"rendered":"<p>Hazine ve Maliye Bakan\u0131 Mehmet \u015eim\u015fek ile Merkez Bankas\u0131 Ba\u015fkan\u0131 Hafize Gaye Erkan yar\u0131n \u0130stanbul&#8217;da JP&#46;&#46;&#46;<\/p>\n","protected":false},"author":2,"featured_media":8282,"comment_status":"open","ping_status":"open","sticky":false,"template":"","format":"standard","meta":{"inline_featured_image":false,"footnotes":""},"categories":[90],"tags":[2464,2465,107],"manset":[],"class_list":["post-8280","post","type-post","status-publish","format-standard","has-post-thumbnail","hentry","category-turkiye-haberleri","tag-hazine-ve-maliye-bakani-mehmet-simsek","tag-merkez-bankasi-baskani-hafize-gaye-erkan","tag-ub"],"_links":{"self":[{"href":"https:\/\/www.urfabugun.com\/index.php\/wp-json\/wp\/v2\/posts\/8280","targetHints":{"allow":["GET"]}}],"collection":[{"href":"https:\/\/www.urfabugun.com\/index.php\/wp-json\/wp\/v2\/posts"}],"about":[{"href":"https:\/\/www.urfabugun.com\/index.php\/wp-json\/wp\/v2\/types\/post"}],"author":[{"embeddable":true,"href":"https:\/\/www.urfabugun.com\/index.php\/wp-json\/wp\/v2\/users\/2"}],"replies":[{"embeddable":true,"href":"https:\/\/www.urfabugun.com\/index.php\/wp-json\/wp\/v2\/comments?post=8280"}],"version-history":[{"count":0,"href":"https:\/\/www.urfabugun.com\/index.php\/wp-json\/wp\/v2\/posts\/8280\/revisions"}],"wp:featuredmedia":[{"embeddable":true,"href":"https:\/\/www.urfabugun.com\/index.php\/wp-json\/wp\/v2\/media\/8282"}],"wp:attachment":[{"href":"https:\/\/www.urfabugun.com\/index.php\/wp-json\/wp\/v2\/media?parent=8280"}],"wp:term":[{"taxonomy":"category","embeddable":true,"href":"https:\/\/www.urfabugun.com\/index.php\/wp-json\/wp\/v2\/categories?post=8280"},{"taxonomy":"post_tag","embeddable":true,"href":"https:\/\/www.urfabugun.com\/index.php\/wp-json\/wp\/v2\/tags?post=8280"},{"taxonomy":"manset","embeddable":true,"href":"https:\/\/www.urfabugun.com\/index.php\/wp-json\/wp\/v2\/manset?post=8280"}],"curies":[{"name":"wp","href":"https:\/\/api.w.org\/{rel}","templated":true}]}}