{"id":8305,"date":"2023-08-04T13:19:37","date_gmt":"2023-08-04T10:19:37","guid":{"rendered":"https:\/\/www.urfabugun.com\/?p=8305"},"modified":"2023-08-04T13:19:44","modified_gmt":"2023-08-04T10:19:44","slug":"sanliurfada-2-ayda-8-bin-800-agir-hasarli-binanin-yikimi-tamamlanacak","status":"publish","type":"post","link":"https:\/\/www.urfabugun.com\/index.php\/2023\/08\/04\/sanliurfada-2-ayda-8-bin-800-agir-hasarli-binanin-yikimi-tamamlanacak\/","title":{"rendered":"\u015eanl\u0131urfa\u2019da 2 Ayda 8 Bin 800 A\u011f\u0131r Hasarl\u0131 Binan\u0131n Y\u0131k\u0131m\u0131 Tamamlanacak!"},"content":{"rendered":"\n<p><\/p>\n\n\n\n<p><strong>Kahramanmara\u015f merkezli 6 \u015eubat&#8217;taki depremlerden etkilenen \u015eanl\u0131urfa&#8217;da 8 bin 800 a\u011f\u0131r hasarl\u0131 binadan yakla\u015f\u0131k 3 bin 700&#8217;\u00fcn\u00fcn y\u0131k\u0131ld\u0131\u011f\u0131 geri kalan\u0131n\u0131n y\u0131k\u0131m\u0131n\u0131n 2 ayda tamamlanaca\u011f\u0131 bildirildi.<\/strong><\/p>\n\n\n\n<p>Merkez \u00fcss\u00fc Pazarc\u0131k ve Elbistan olan, 7,7 ve 7,6 b\u00fcy\u00fckl\u00fc\u011f\u00fcndeki depremlerin etkiledi\u011fi \u015eanl\u0131urfa&#8217;da, 6 \u015eubat&#8217;ta 20 bina y\u0131k\u0131ld\u0131, yap\u0131lan arama kurtarma \u00e7al\u0131\u015fmalar\u0131nda 144 ki\u015fi enkazdan yaral\u0131 olarak kurtar\u0131ld\u0131, 181 ki\u015fi de hayat\u0131n\u0131 kaybetti.<\/p>\n\n\n\n<p>\u015eanl\u0131urfa Valisi Salih Ayhan, depremin ard\u0131ndan ekiplerce kent genelinde a\u011f\u0131r, orta ve az hasarl\u0131 yap\u0131lar\u0131n tespit edildi\u011fini, ilk etapta 1700 civar\u0131ndaki acil y\u0131k\u0131lmas\u0131 gereken binada \u00e7al\u0131\u015fma ba\u015flatt\u0131klar\u0131n\u0131 s\u00f6yledi.<\/p>\n\n\n\n<p>Acil y\u0131k\u0131lmas\u0131 gereken binalar\u0131n tamam\u0131n\u0131n y\u0131k\u0131larak enkaz\u0131n kald\u0131r\u0131ld\u0131\u011f\u0131n\u0131 kaydeden Ayhan, \u015fu bilgileri verdi:<\/p>\n\n\n\n<p>&#8220;A\u011f\u0131r hasarl\u0131 binalar\u0131n tespiti yap\u0131ld\u0131, ilanlar yap\u0131ld\u0131, ikinci itirazlar da tekrar al\u0131nd\u0131 ve s\u00fcre\u00e7 bitti. \u015eu an il genelinde 8 bin 800 binan\u0131n y\u0131k\u0131m i\u015flemleri devam ediyor. B\u00fct\u00fcn il\u00e7elerimizde, kaymakamlar\u0131m\u0131z koordinesinde Valili\u011fimizin de himayesinde \u015fu an hummal\u0131 bir \u015fekilde \u00e7al\u0131\u015fmalar s\u00fcr\u00fcyor. Allah&#8217;\u0131n izniyle de 2 ay i\u00e7inde a\u011f\u0131r hasarl\u0131 binalar\u0131n, vatanda\u015flar\u0131m\u0131z\u0131n can ve mal g\u00fcvenli\u011fini tehdit eden binalar\u0131 da in\u015fallah tertemiz etmi\u015f olaca\u011f\u0131z.<\/p>\n\n\n\n<p>Biz biraz di\u011fer illere nazaran depremi az hissetti\u011fimiz i\u00e7in de bir\u00e7ok teknik eleman di\u011fer illere yo\u011funla\u015fm\u0131\u015ft\u0131. Biz kendi i\u00e7 dinamiklerimizle, kendi teknik kadrolar\u0131m\u0131zla, kendi ekipmanlar\u0131m\u0131zla s\u00fcreci y\u00f6nettik ve ilan s\u00fcre\u00e7lerimizi de ona g\u00f6re planlad\u0131k. Di\u011fer illere nazaran belki bir ay geride olsak da oransal olarak hakikaten iyi bir noktaday\u0131z. Bug\u00fcn itibar\u0131yla y\u00fczde 42 seviyelerindeyiz.<\/p>\n","protected":false},"excerpt":{"rendered":"<p>Kahramanmara\u015f merkezli 6 \u015eubat&#8217;taki depremlerden etkilenen \u015eanl\u0131urfa&#8217;da 8 bin 800 a\u011f\u0131r hasarl\u0131 binadan yakla\u015f\u0131k 3 bin&#46;&#46;&#46;<\/p>\n","protected":false},"author":2,"featured_media":8307,"comment_status":"open","ping_status":"open","sticky":false,"template":"","format":"standard","meta":{"inline_featured_image":false,"footnotes":""},"categories":[82],"tags":[178,2470,131,107],"manset":[],"class_list":["post-8305","post","type-post","status-publish","format-standard","has-post-thumbnail","hentry","category-gundem-haberleri","tag-deprem","tag-sanliurfada-2-ayda-8-bin-800-agir-hasarli-binanin-yikimi-tamamlanacak","tag-son-dakika","tag-ub"],"_links":{"self":[{"href":"https:\/\/www.urfabugun.com\/index.php\/wp-json\/wp\/v2\/posts\/8305","targetHints":{"allow":["GET"]}}],"collection":[{"href":"https:\/\/www.urfabugun.com\/index.php\/wp-json\/wp\/v2\/posts"}],"about":[{"href":"https:\/\/www.urfabugun.com\/index.php\/wp-json\/wp\/v2\/types\/post"}],"author":[{"embeddable":true,"href":"https:\/\/www.urfabugun.com\/index.php\/wp-json\/wp\/v2\/users\/2"}],"replies":[{"embeddable":true,"href":"https:\/\/www.urfabugun.com\/index.php\/wp-json\/wp\/v2\/comments?post=8305"}],"version-history":[{"count":0,"href":"https:\/\/www.urfabugun.com\/index.php\/wp-json\/wp\/v2\/posts\/8305\/revisions"}],"wp:featuredmedia":[{"embeddable":true,"href":"https:\/\/www.urfabugun.com\/index.php\/wp-json\/wp\/v2\/media\/8307"}],"wp:attachment":[{"href":"https:\/\/www.urfabugun.com\/index.php\/wp-json\/wp\/v2\/media?parent=8305"}],"wp:term":[{"taxonomy":"category","embeddable":true,"href":"https:\/\/www.urfabugun.com\/index.php\/wp-json\/wp\/v2\/categories?post=8305"},{"taxonomy":"post_tag","embeddable":true,"href":"https:\/\/www.urfabugun.com\/index.php\/wp-json\/wp\/v2\/tags?post=8305"},{"taxonomy":"manset","embeddable":true,"href":"https:\/\/www.urfabugun.com\/index.php\/wp-json\/wp\/v2\/manset?post=8305"}],"curies":[{"name":"wp","href":"https:\/\/api.w.org\/{rel}","templated":true}]}}