{"id":8332,"date":"2023-08-06T10:53:45","date_gmt":"2023-08-06T07:53:45","guid":{"rendered":"https:\/\/www.urfabugun.com\/?p=8332"},"modified":"2023-08-06T10:53:51","modified_gmt":"2023-08-06T07:53:51","slug":"kabine-yarin-toplaniyor-masada-iki-onemli-konu-basligi-var","status":"publish","type":"post","link":"https:\/\/www.urfabugun.com\/index.php\/2023\/08\/06\/kabine-yarin-toplaniyor-masada-iki-onemli-konu-basligi-var\/","title":{"rendered":"Kabine Yar\u0131n Toplan\u0131yor: Masada \u0130ki \u00d6nemli Konu Ba\u015fl\u0131\u011f\u0131 Var!"},"content":{"rendered":"\n<p><\/p>\n\n\n\n<p><strong>Cumhurba\u015fkanl\u0131\u011f\u0131 Kabinesi yar\u0131n Cumhurba\u015fkan\u0131 Erdo\u011fan liderli\u011finde toplanacak. Kabine&#8217;nin masas\u0131ndaki konu ba\u015fl\u0131klar\u0131 Tah\u0131l Koridoru&#8217;nun gelece\u011fi ve d\u0131\u015f yat\u0131r\u0131m odakl\u0131 ekonomi plan\u0131 olacak.<\/strong><\/p>\n\n\n\n<p>Cumhurba\u015fkan\u0131 Erdo\u011fan siyaset mesaisine pazartesi g\u00fcn\u00fc Kabine Toplant\u0131s\u0131 ile devam edecek. Milyonlar\u0131n g\u00f6z\u00fcn\u00fcn \u00e7evrildi\u011fi toplant\u0131da Rusya-Ukrayna Sava\u015f\u0131, rafa kald\u0131r\u0131lan tah\u0131l koridoru ve d\u0131\u015f yat\u0131r\u0131m odakl\u0131 ekonomi plan\u0131 de\u011ferlendirilecek.<\/p>\n\n\n\n<p><strong>PUT\u0130N G\u00d6R\u00dc\u015eMES\u0130N\u0130N \u015e\u0130FRELER\u0130 PAYLA\u015eILACAK<\/strong><\/p>\n\n\n\n<p>Cumhurba\u015fkan\u0131 Erdo\u011fan Putin&#8217;le yapt\u0131\u011f\u0131 telefon g\u00f6r\u00fc\u015fmesinin \u015fifrelerini Kabine ile payla\u015facak. Sorunun \u00e7\u00f6z\u00fcm\u00fc i\u00e7in sunulan \u00f6neriler ve onlar\u0131n nas\u0131l hayata ge\u00e7irilece\u011fi g\u00f6r\u00fc\u015f\u00fclecek.<\/p>\n\n\n\n<p><strong>50 YATIRIMCININ KATILIMIYLA YAPILAN TOPLANTI DA MASADA<\/strong><\/p>\n\n\n\n<p>Ekonomi de Kabine&#8217;nin \u00f6nemli ba\u015fl\u0131klar\u0131ndan biri olacak. ABD merkezli yat\u0131r\u0131m bankas\u0131 JP Morgan&#8217;\u0131n organizasyonunda yakla\u015f\u0131k 50 yat\u0131r\u0131mc\u0131n\u0131n kat\u0131l\u0131m\u0131yla yap\u0131lan toplant\u0131ya kat\u0131lan Hazine ve Maliye Bakan\u0131 Mehmet \u015eim\u015fek, toplant\u0131 \u00e7\u0131kt\u0131lar\u0131n\u0131 Kabine \u00fcyeleriyle payla\u015facak.<\/p>\n\n\n\n<p><strong>ARTAN D\u00d6V\u0130Z REZERV\u0130 DE ELE ALINACAK<\/strong><\/p>\n\n\n\n<p>Bakan \u015eim\u015fek d\u0131\u015f yat\u0131r\u0131mc\u0131lar\u0131 T\u00fcrkiye&#8217;ye \u00e7ekmeye y\u00f6nelik y\u00fcr\u00fct\u00fclen ekonomi y\u00f6netiminin geldi\u011fi noktay\u0131 payla\u015facak. Merkez Bankas\u0131&#8217;n\u0131n artan d\u00f6viz rezervi de bu kapsamda ele al\u0131nacak.<\/p>\n\n\n\n<p><strong>TOPLU S\u00d6ZLE\u015eME S\u00dcREC\u0130 DE MASADA<\/strong><\/p>\n\n\n\n<p>Hafta ortas\u0131nda ba\u015flayan ve memurlar\u0131 ilgilendiren toplu s\u00f6zle\u015fme s\u00fcreci de g\u00fcndemde. \u00c7al\u0131\u015fma ve Sosyal G\u00fcvenlik Bakan\u0131 Vedat I\u015f\u0131khan, memur cephesinin beklentilerini ba\u015fta Erdo\u011fan olmak \u00fczere Kabine&#8217;ye iletecek. \u0130kinci toplant\u0131 \u00f6ncesi ilk de\u011ferlendirme yap\u0131lacak.<\/p>\n","protected":false},"excerpt":{"rendered":"<p>Cumhurba\u015fkanl\u0131\u011f\u0131 Kabinesi yar\u0131n Cumhurba\u015fkan\u0131 Erdo\u011fan liderli\u011finde toplanacak. Kabine&#8217;nin masas\u0131ndaki konu ba\u015fl\u0131klar\u0131 Tah\u0131l Koridoru&#8217;nun gelece\u011fi ve d\u0131\u015f&#46;&#46;&#46;<\/p>\n","protected":false},"author":2,"featured_media":8334,"comment_status":"open","ping_status":"open","sticky":false,"template":"","format":"standard","meta":{"inline_featured_image":false,"footnotes":""},"categories":[82],"tags":[1830,2475,131,107,608],"manset":[],"class_list":["post-8332","post","type-post","status-publish","format-standard","has-post-thumbnail","hentry","category-gundem-haberleri","tag-erdogan-2","tag-kabine-yarin-toplaniyor-masada-iki-onemli-konu-basligi-var","tag-son-dakika","tag-ub","tag-urfa-bugun"],"_links":{"self":[{"href":"https:\/\/www.urfabugun.com\/index.php\/wp-json\/wp\/v2\/posts\/8332","targetHints":{"allow":["GET"]}}],"collection":[{"href":"https:\/\/www.urfabugun.com\/index.php\/wp-json\/wp\/v2\/posts"}],"about":[{"href":"https:\/\/www.urfabugun.com\/index.php\/wp-json\/wp\/v2\/types\/post"}],"author":[{"embeddable":true,"href":"https:\/\/www.urfabugun.com\/index.php\/wp-json\/wp\/v2\/users\/2"}],"replies":[{"embeddable":true,"href":"https:\/\/www.urfabugun.com\/index.php\/wp-json\/wp\/v2\/comments?post=8332"}],"version-history":[{"count":0,"href":"https:\/\/www.urfabugun.com\/index.php\/wp-json\/wp\/v2\/posts\/8332\/revisions"}],"wp:featuredmedia":[{"embeddable":true,"href":"https:\/\/www.urfabugun.com\/index.php\/wp-json\/wp\/v2\/media\/8334"}],"wp:attachment":[{"href":"https:\/\/www.urfabugun.com\/index.php\/wp-json\/wp\/v2\/media?parent=8332"}],"wp:term":[{"taxonomy":"category","embeddable":true,"href":"https:\/\/www.urfabugun.com\/index.php\/wp-json\/wp\/v2\/categories?post=8332"},{"taxonomy":"post_tag","embeddable":true,"href":"https:\/\/www.urfabugun.com\/index.php\/wp-json\/wp\/v2\/tags?post=8332"},{"taxonomy":"manset","embeddable":true,"href":"https:\/\/www.urfabugun.com\/index.php\/wp-json\/wp\/v2\/manset?post=8332"}],"curies":[{"name":"wp","href":"https:\/\/api.w.org\/{rel}","templated":true}]}}