{"id":8336,"date":"2023-08-06T11:23:32","date_gmt":"2023-08-06T08:23:32","guid":{"rendered":"https:\/\/www.urfabugun.com\/?p=8336"},"modified":"2023-08-06T11:23:38","modified_gmt":"2023-08-06T08:23:38","slug":"naci-gorurden-istanbul-depremi-uyarisi-76-buyuklugunde-bekleniyor","status":"publish","type":"post","link":"https:\/\/www.urfabugun.com\/index.php\/2023\/08\/06\/naci-gorurden-istanbul-depremi-uyarisi-76-buyuklugunde-bekleniyor\/","title":{"rendered":"Naci G\u00f6r\u00fcr&#8217;den \u0130stanbul Depremi Uyar\u0131s\u0131: 7,6 B\u00fcy\u00fckl\u00fc\u011f\u00fcnde Bekleniyor!"},"content":{"rendered":"\n<p><\/p>\n\n\n\n<p><strong>Yer bilimci Prof. Dr. Naci G\u00f6r\u00fcr kat\u0131ld\u0131\u011f\u0131 canl\u0131 yay\u0131nda olas\u0131 \u0130stanbul depremiyle ilgili dikkat \u00e7eken de\u011ferlendirmelerde bulundu.<\/strong><\/p>\n\n\n\n<p>6 \u015eubat deprem felaketinin ard\u0131ndan a\u00e7\u0131klamalar\u0131 dikkatle takip edilen yer bilimci Prof. Dr. Naci G\u00f6r\u00fcr, Habert\u00fcrk&#8217;teki canl\u0131 yay\u0131nda Eren E\u011filmez&#8217;in sorular\u0131n\u0131 yan\u0131tlad\u0131. Olas\u0131 \u0130stanbul depreminin 7,2 ila 7,6 b\u00fcy\u00fckl\u00fc\u011f\u00fcnde olaca\u011f\u0131n\u0131 ifade eden G\u00f6r\u00fcr, depremin \u00f6ncelikle Kumburgaz Fay\u0131&#8217;nda olaca\u011f\u0131n\u0131 belirtti.<\/p>\n\n\n\n<p><strong>&#8220;SOKAK BA\u015eINDA \u0130K\u0130 EV YIKILIRSA ORAYI UNUTUN&#8221;<\/strong><\/p>\n\n\n\n<p>G\u00f6r\u00fcr&#8217;\u00fcn a\u00e7\u0131klamalar\u0131ndan \u00f6ne \u00e7\u0131kanlar \u015f\u00f6yle; &#8220;\u0130stanbul&#8217;da beklenen deprem 7,2 ila 7,6 aras\u0131nda de\u011fi\u015fiyor. O kesin. Bilimsel \u00e7al\u0131\u015fmalar bunu g\u00f6steriyor. Bu deprem olursa 6 \u015eubat&#8217;taki depremden daha b\u00fcy\u00fck zarar verir. Sokak ba\u015f\u0131nda iki ev y\u0131k\u0131l\u0131rsa oray\u0131 unutun. Ne yard\u0131m g\u00f6t\u00fcrebilirsin ne de kurtarabilirsiniz. 600 bin konut yani siz isterseniz her konutta 4 ki\u015fi d\u00fc\u015f\u00fcn\u00fcn daire gibi d\u00fc\u015f\u00fcn\u00fcn. 4 ki\u015fiden 2,5 milyon insan \u00f6l\u00fcmle burun buruna kal\u0131r. Verece\u011fimiz can kayb\u0131 inan\u0131lmaz boyutta olur.<\/p>\n\n\n\n<p><strong>&#8220;BEKLED\u0130\u011e\u0130M\u0130Z DEPREM \u00d6NCEL\u0130KLE KUMBURGAZ FAYI&#8217;NDA OLACAK&#8221;<\/strong><\/p>\n\n\n\n<p>Deprem Marmara Denizi i\u00e7inde olacak. \u0130stanbul i\u00e7inde fay k\u0131r\u0131lacak diye bir \u015fey yok. Biz \u0130stanbul dedi\u011fimiz zaman \u0130stanbul&#8217;da olmaz bir farkl\u0131l\u0131k koyuyor ya \u00f6yle bir \u015fey yok. Marmara&#8217;da 160 km uzunlu\u011fundaki bir fay uzunlu\u011fudur. Bekledi\u011fimiz deprem \u00f6ncelikle Kumburgaz Fay\u0131&#8217;nda olacak. Depremden \u0130stanbul&#8217;dan Tekirda\u011f&#8217;a kadar o b\u00f6lgeler etkilenir. Depremin b\u00fcy\u00fckl\u00fc\u011f\u00fcne, zemine, yap\u0131 sto\u011funa kadar etkilenecek alan geni\u015fli\u011fi de\u011fi\u015fir. Do\u011fu&#8217;dan G\u00fcney&#8217;de Bal\u0131kesir, \u00c7anakkale, Yalova&#8217;ya kadar etkilenir. Depremin oldu\u011fu yerden uzakl\u0131\u011f\u0131n\u0131z, bulundu\u011funuz zemin ne kadar sa\u011flam gibi etkenlerle depremin \u015fiddetini daha az hissedebilirsiniz. Siz k\u0131y\u0131ya yak\u0131ns\u0131n\u0131z, zemininiz iyiyse, stati\u011fi ile projesi birbirine uyumlu ise \u00e7ok b\u00fcy\u00fck ihtimalle o binadan sa\u011f \u00e7\u0131kars\u0131n\u0131z. O bina hasar almaz demiyorum. Lakin sahibini sa\u011f olarak \u00e7\u0131kart\u0131r. Biz hi\u00e7bir bina \u00e7atlamaz demiyoruz.<\/p>\n","protected":false},"excerpt":{"rendered":"<p>Yer bilimci Prof. Dr. Naci G\u00f6r\u00fcr kat\u0131ld\u0131\u011f\u0131 canl\u0131 yay\u0131nda olas\u0131 \u0130stanbul depremiyle ilgili dikkat \u00e7eken de\u011ferlendirmelerde&#46;&#46;&#46;<\/p>\n","protected":false},"author":2,"featured_media":8338,"comment_status":"open","ping_status":"open","sticky":false,"template":"","format":"standard","meta":{"inline_featured_image":false,"footnotes":""},"categories":[90],"tags":[178,303,2476,131,107],"manset":[],"class_list":["post-8336","post","type-post","status-publish","format-standard","has-post-thumbnail","hentry","category-turkiye-haberleri","tag-deprem","tag-istanbul","tag-naci-gorurden-istanbul-depremi-uyarisi","tag-son-dakika","tag-ub"],"_links":{"self":[{"href":"https:\/\/www.urfabugun.com\/index.php\/wp-json\/wp\/v2\/posts\/8336","targetHints":{"allow":["GET"]}}],"collection":[{"href":"https:\/\/www.urfabugun.com\/index.php\/wp-json\/wp\/v2\/posts"}],"about":[{"href":"https:\/\/www.urfabugun.com\/index.php\/wp-json\/wp\/v2\/types\/post"}],"author":[{"embeddable":true,"href":"https:\/\/www.urfabugun.com\/index.php\/wp-json\/wp\/v2\/users\/2"}],"replies":[{"embeddable":true,"href":"https:\/\/www.urfabugun.com\/index.php\/wp-json\/wp\/v2\/comments?post=8336"}],"version-history":[{"count":0,"href":"https:\/\/www.urfabugun.com\/index.php\/wp-json\/wp\/v2\/posts\/8336\/revisions"}],"wp:featuredmedia":[{"embeddable":true,"href":"https:\/\/www.urfabugun.com\/index.php\/wp-json\/wp\/v2\/media\/8338"}],"wp:attachment":[{"href":"https:\/\/www.urfabugun.com\/index.php\/wp-json\/wp\/v2\/media?parent=8336"}],"wp:term":[{"taxonomy":"category","embeddable":true,"href":"https:\/\/www.urfabugun.com\/index.php\/wp-json\/wp\/v2\/categories?post=8336"},{"taxonomy":"post_tag","embeddable":true,"href":"https:\/\/www.urfabugun.com\/index.php\/wp-json\/wp\/v2\/tags?post=8336"},{"taxonomy":"manset","embeddable":true,"href":"https:\/\/www.urfabugun.com\/index.php\/wp-json\/wp\/v2\/manset?post=8336"}],"curies":[{"name":"wp","href":"https:\/\/api.w.org\/{rel}","templated":true}]}}