{"id":8345,"date":"2023-08-06T17:37:52","date_gmt":"2023-08-06T14:37:52","guid":{"rendered":"https:\/\/www.urfabugun.com\/?p=8345"},"modified":"2023-08-06T17:37:58","modified_gmt":"2023-08-06T14:37:58","slug":"sanliurfada-sicak-hava-bunaltiyor-termometre-41-dereceyi-gordu","status":"publish","type":"post","link":"https:\/\/www.urfabugun.com\/index.php\/2023\/08\/06\/sanliurfada-sicak-hava-bunaltiyor-termometre-41-dereceyi-gordu\/","title":{"rendered":"\u015eanl\u0131urfa\u2019da S\u0131cak Hava Bunalt\u0131yor: Termometre 41 Dereceyi G\u00f6rd\u00fc!"},"content":{"rendered":"\n<p><\/p>\n\n\n\n<p><strong>Yaz\u0131n en s\u0131cak ve bunalt\u0131c\u0131 g\u00fcnleri olarak nitelendirilen eyyam-\u0131 bahur s\u0131cakl\u0131klar\u0131, \u015eanl\u0131urfa\u2019da etkisini s\u00fcrd\u00fcr\u00fcyor.<\/strong><\/p>\n\n\n\n<p>T\u00fcrkiye&#8217;de s\u0131cakl\u0131klar\u0131n en y\u00fcksek \u00f6l\u00e7\u00fcld\u00fc\u011f\u00fc kentler aras\u0131nda bulunan \u015eanl\u0131urfa&#8217;da s\u0131cak hava ya\u015fam\u0131 olumsuz etkilemeye devam ediyor.<\/p>\n\n\n\n<p>Hava s\u0131cakl\u0131\u011f\u0131n\u0131n 41 derece \u00f6l\u00e7\u00fcld\u00fc\u011f\u00fc kentte baz\u0131 \u00e7ocuklar ise Bal\u0131kl\u0131g\u00f6l Yerle\u015fkesi&#8217;ndeki Hasan Pa\u015fa Cami Havlusu&#8217;ndaki su kanal\u0131na girerek serinlemeye \u00e7al\u0131\u015ft\u0131.<\/p>\n","protected":false},"excerpt":{"rendered":"<p>Yaz\u0131n en s\u0131cak ve bunalt\u0131c\u0131 g\u00fcnleri olarak nitelendirilen eyyam-\u0131 bahur s\u0131cakl\u0131klar\u0131, \u015eanl\u0131urfa\u2019da etkisini s\u00fcrd\u00fcr\u00fcyor. T\u00fcrkiye&#8217;de s\u0131cakl\u0131klar\u0131n&#46;&#46;&#46;<\/p>\n","protected":false},"author":2,"featured_media":8347,"comment_status":"open","ping_status":"open","sticky":false,"template":"","format":"standard","meta":{"inline_featured_image":false,"footnotes":""},"categories":[92],"tags":[118,2479,131,107,608,2480],"manset":[],"class_list":["post-8345","post","type-post","status-publish","format-standard","has-post-thumbnail","hentry","category-yasam-haberleri","tag-sanliurfa","tag-sanliurfada-sicak-hava-bunaltiyor-termometre-41-dereceyi-gordu","tag-son-dakika","tag-ub","tag-urfa-bugun","tag-urfa-bunaltici-sicaklar"],"_links":{"self":[{"href":"https:\/\/www.urfabugun.com\/index.php\/wp-json\/wp\/v2\/posts\/8345","targetHints":{"allow":["GET"]}}],"collection":[{"href":"https:\/\/www.urfabugun.com\/index.php\/wp-json\/wp\/v2\/posts"}],"about":[{"href":"https:\/\/www.urfabugun.com\/index.php\/wp-json\/wp\/v2\/types\/post"}],"author":[{"embeddable":true,"href":"https:\/\/www.urfabugun.com\/index.php\/wp-json\/wp\/v2\/users\/2"}],"replies":[{"embeddable":true,"href":"https:\/\/www.urfabugun.com\/index.php\/wp-json\/wp\/v2\/comments?post=8345"}],"version-history":[{"count":0,"href":"https:\/\/www.urfabugun.com\/index.php\/wp-json\/wp\/v2\/posts\/8345\/revisions"}],"wp:featuredmedia":[{"embeddable":true,"href":"https:\/\/www.urfabugun.com\/index.php\/wp-json\/wp\/v2\/media\/8347"}],"wp:attachment":[{"href":"https:\/\/www.urfabugun.com\/index.php\/wp-json\/wp\/v2\/media?parent=8345"}],"wp:term":[{"taxonomy":"category","embeddable":true,"href":"https:\/\/www.urfabugun.com\/index.php\/wp-json\/wp\/v2\/categories?post=8345"},{"taxonomy":"post_tag","embeddable":true,"href":"https:\/\/www.urfabugun.com\/index.php\/wp-json\/wp\/v2\/tags?post=8345"},{"taxonomy":"manset","embeddable":true,"href":"https:\/\/www.urfabugun.com\/index.php\/wp-json\/wp\/v2\/manset?post=8345"}],"curies":[{"name":"wp","href":"https:\/\/api.w.org\/{rel}","templated":true}]}}