{"id":8358,"date":"2023-08-07T09:48:17","date_gmt":"2023-08-07T06:48:17","guid":{"rendered":"https:\/\/www.urfabugun.com\/?p=8358"},"modified":"2023-08-07T09:48:23","modified_gmt":"2023-08-07T06:48:23","slug":"sanliurfada-kavurucu-sicaklar-devam-edecek","status":"publish","type":"post","link":"https:\/\/www.urfabugun.com\/index.php\/2023\/08\/07\/sanliurfada-kavurucu-sicaklar-devam-edecek\/","title":{"rendered":"\u015eanl\u0131urfa\u2019da Kavurucu S\u0131caklar Devam Edecek!"},"content":{"rendered":"\n<p><\/p>\n\n\n\n<p><strong>Bunalt\u0131c\u0131 s\u0131caklar yeni haftan\u0131n ilk g\u00fcnlerinde de etkili olacak. Ferahlamak i\u00e7in hafta ortas\u0131na kadar sabretmek gerekecek. G\u00fcneydo\u011fu Anadolu B\u00f6lgesinde ise s\u0131cakl\u0131klar 40 derecenin \u00fczerinde seyredecek. Sal\u0131 g\u00fcn\u00fc \u015eanl\u0131urfa 44 dereceyi g\u00f6recek.<\/strong><\/p>\n\n\n\n<p>T\u00fcrkiye, s\u0131cak hava dalgas\u0131n\u0131n etkisi alt\u0131nda. Mevsim normallerinin \u00fczerinde seyreden s\u0131cakl\u0131klar, hafta ortas\u0131nda biraz d\u00fc\u015fecek.<\/p>\n\n\n\n<p>Meteoroloji Genel M\u00fcd\u00fcrl\u00fc\u011f\u00fc Hava Tahmin Uzman\u0131 Mehmet \u00d6zdemirci, hafta ba\u015f\u0131ndan itibaren s\u0131cakl\u0131klar\u0131n mevsim normalleri \u00fczerinde seyretmeye devam edece\u011fini aktard\u0131.<\/p>\n\n\n\n<p>Mevsim normallerinin \u00fczerindeki s\u0131caklar hafta ortas\u0131na kadar s\u00fcrecek<\/p>\n\n\n\n<p>\u00d6zdemirci, &#8220;Hafta ortas\u0131nda ise \u00fclkemizin kuzey ve bat\u0131 kesimlerinde de birazc\u0131k d\u00fc\u015f\u00fc\u015f ger\u00e7ekle\u015fecek, yer yer inecek ama \u00fclkemizin di\u011fer kesimlerinde normaller \u00fczerinde seyredecek&#8221; bilgisini verdi.<\/p>\n\n\n\n<p><strong>G\u00dcNEYDO\u011eU Y\u0130NE &#8216;EN SICAK&#8217; OLACAK<\/strong><\/p>\n\n\n\n<p>G\u00fcneydo\u011fu Anadolu&#8217;da 40 derecenin \u00fczerinde y\u00fcksek s\u0131cakl\u0131klar devam edecek.<\/p>\n\n\n\n<p>Yetkililerin, &#8220;s\u0131cak havaya kar\u015f\u0131 dikkatli olunmas\u0131&#8221; uyar\u0131s\u0131 yeni hafta i\u00e7in de ge\u00e7erli olacak.<\/p>\n\n\n\n<p><strong>\u015eANLIURFA&#8217;DA HAVA NASIL OLACAK?<\/strong><\/p>\n\n\n\n<p>Hafta boyunca 40 derecenin \u00fczerinde s\u0131cakl\u0131klar\u0131n olaca\u011f\u0131 \u015eanl\u0131urfa&#8217;da, sal\u0131 g\u00fcn\u00fc hava s\u0131cakl\u0131\u011f\u0131 44 dereceyi g\u00f6recek.<\/p>\n","protected":false},"excerpt":{"rendered":"<p>Bunalt\u0131c\u0131 s\u0131caklar yeni haftan\u0131n ilk g\u00fcnlerinde de etkili olacak. Ferahlamak i\u00e7in hafta ortas\u0131na kadar sabretmek gerekecek.&#46;&#46;&#46;<\/p>\n","protected":false},"author":2,"featured_media":8360,"comment_status":"open","ping_status":"open","sticky":false,"template":"","format":"standard","meta":{"inline_featured_image":false,"footnotes":""},"categories":[92],"tags":[118,2485,131,107],"manset":[],"class_list":["post-8358","post","type-post","status-publish","format-standard","has-post-thumbnail","hentry","category-yasam-haberleri","tag-sanliurfa","tag-sanliurfada-kavurucu-sicaklar-devam-edecek","tag-son-dakika","tag-ub"],"_links":{"self":[{"href":"https:\/\/www.urfabugun.com\/index.php\/wp-json\/wp\/v2\/posts\/8358","targetHints":{"allow":["GET"]}}],"collection":[{"href":"https:\/\/www.urfabugun.com\/index.php\/wp-json\/wp\/v2\/posts"}],"about":[{"href":"https:\/\/www.urfabugun.com\/index.php\/wp-json\/wp\/v2\/types\/post"}],"author":[{"embeddable":true,"href":"https:\/\/www.urfabugun.com\/index.php\/wp-json\/wp\/v2\/users\/2"}],"replies":[{"embeddable":true,"href":"https:\/\/www.urfabugun.com\/index.php\/wp-json\/wp\/v2\/comments?post=8358"}],"version-history":[{"count":0,"href":"https:\/\/www.urfabugun.com\/index.php\/wp-json\/wp\/v2\/posts\/8358\/revisions"}],"wp:featuredmedia":[{"embeddable":true,"href":"https:\/\/www.urfabugun.com\/index.php\/wp-json\/wp\/v2\/media\/8360"}],"wp:attachment":[{"href":"https:\/\/www.urfabugun.com\/index.php\/wp-json\/wp\/v2\/media?parent=8358"}],"wp:term":[{"taxonomy":"category","embeddable":true,"href":"https:\/\/www.urfabugun.com\/index.php\/wp-json\/wp\/v2\/categories?post=8358"},{"taxonomy":"post_tag","embeddable":true,"href":"https:\/\/www.urfabugun.com\/index.php\/wp-json\/wp\/v2\/tags?post=8358"},{"taxonomy":"manset","embeddable":true,"href":"https:\/\/www.urfabugun.com\/index.php\/wp-json\/wp\/v2\/manset?post=8358"}],"curies":[{"name":"wp","href":"https:\/\/api.w.org\/{rel}","templated":true}]}}