{"id":8362,"date":"2023-08-07T11:00:58","date_gmt":"2023-08-07T08:00:58","guid":{"rendered":"https:\/\/www.urfabugun.com\/?p=8362"},"modified":"2023-08-07T11:06:40","modified_gmt":"2023-08-07T08:06:40","slug":"turkiye-en-cok-hangi-uygulamalarda-vakit-geciriyor","status":"publish","type":"post","link":"https:\/\/www.urfabugun.com\/index.php\/2023\/08\/07\/turkiye-en-cok-hangi-uygulamalarda-vakit-geciriyor\/","title":{"rendered":"T\u00fcrkiye En \u00c7ok Hangi Uygulamalarda Vakit Ge\u00e7iriyor?"},"content":{"rendered":"\n<p><\/p>\n\n\n\n<p><strong>Yap\u0131lan son ara\u015ft\u0131rman\u0131n da g\u00f6sterdi\u011fine g\u00f6re T\u00fcrkiye, zaman\u0131n\u0131n \u00e7o\u011funu iki b\u00fcy\u00fck uygulamada ge\u00e7iriyor.<\/strong><\/p>\n\n\n\n<p>DataReportal&#8217;\u0131n haz\u0131rlad\u0131\u011f\u0131 rapora g\u00f6re \u00fclkelerin hangi uygulamalara ne kadar vakit harcad\u0131\u011f\u0131 tespit edildi. Android kullan\u0131c\u0131lar\u0131n\u0131n verilerinden faydalan\u0131lan ara\u015ft\u0131rmada ortaya ger\u00e7ekten korkutucu bir tablo \u00e7\u0131kt\u0131.<\/p>\n\n\n\n<p><strong>T\u00fcrkler En \u00c7ok Instagram&#8217;da Vakit Ge\u00e7iriyor!<\/strong><\/p>\n\n\n\n<p>DataReportal&#8217;\u0131n haz\u0131rlad\u0131\u011f\u0131 rapora g\u00f6re T\u00fcrkler ayda 21.4 saatini Instagram\u2019da ge\u00e7iriyor. Yani bu rakam ayda neredeyse bir g\u00fcn ediyor!<\/p>\n\n\n\n<p>T\u00fcrklerin en \u00e7ok vakit ge\u00e7irdi\u011fi bir di\u011fer uygulama ise 11 saatlik kullan\u0131m ile WhatsApp oldu. Instagram ve WhatsApp&#8217;\u0131 ise Twitter ve YouTube takip ediyor.<\/p>\n\n\n\n<p>Sosyal Medya ve Dijital G\u00fcvenlik E\u011fitim Ara\u015ft\u0131rma Merkezi Ba\u015fkan\u0131 Prof. Dr. Levent Eraslan, T\u00fcrkiye&#8217;nin 40 milyona yak\u0131n Instagram kullanc\u0131s\u0131 oldu\u011funu s\u00f6yledi. \u00d6zellikle 18 ya\u015f \u00fcst\u00fc gen\u00e7lerin y\u00fczde 95&#8217;inin sosyal medyada vakit ge\u00e7irdi\u011fini, 60 ya\u015f \u00fcst\u00fc ki\u015filer i\u00e7in de bu oran\u0131n olduk\u00e7a y\u00fcksek oldu\u011funu belirtti.<\/p>\n\n\n\n<p>T\u00fcrkiye n\u00fcfusunun %83\u2019\u00fcnden fazlas\u0131 interneti aktif olarak kullan\u0131yor. T\u00fcrk kullan\u0131c\u0131lar yaln\u0131zca sosyal medyada de\u011fil, di\u011fer internet a\u011flar\u0131nda da olduk\u00e7a aktif.<\/p>\n\n\n\n<p><strong>T\u00fcrkiye En \u00c7ok Hangi Uygulamalarda Vakit Ge\u00e7iriyor?<\/strong><\/p>\n\n\n\n<p>Bu verilerin T\u00fcrkiye i\u00e7in hi\u00e7 iyi olmad\u0131\u011f\u0131n\u0131 belirten uzmanlar, d\u00fcnyan\u0131n da hemen hemen ayn\u0131 sorunlar\u0131 ya\u015fad\u0131\u011f\u0131n\u0131 ekledi. \u0130nsanlar\u0131n hayat\u0131 sosyal medya olmu\u015f durumda.<\/p>\n","protected":false},"excerpt":{"rendered":"<p>Yap\u0131lan son ara\u015ft\u0131rman\u0131n da g\u00f6sterdi\u011fine g\u00f6re T\u00fcrkiye, zaman\u0131n\u0131n \u00e7o\u011funu iki b\u00fcy\u00fck uygulamada ge\u00e7iriyor. DataReportal&#8217;\u0131n haz\u0131rlad\u0131\u011f\u0131 rapora&#46;&#46;&#46;<\/p>\n","protected":false},"author":2,"featured_media":8364,"comment_status":"open","ping_status":"open","sticky":false,"template":"","format":"standard","meta":{"inline_featured_image":false,"footnotes":""},"categories":[76,90],"tags":[2487,131,147,146,2486,1243,107,1080],"manset":[],"class_list":["post-8362","post","type-post","status-publish","format-standard","has-post-thumbnail","hentry","category-bilim-teknoloji-haberleri","category-turkiye-haberleri","tag-instagram","tag-son-dakika","tag-sosyal-medya","tag-turkiye","tag-turkiye-en-cok-hangi-uygulamalarda-vakit-geciriyor","tag-twitter","tag-ub","tag-whatsapp"],"_links":{"self":[{"href":"https:\/\/www.urfabugun.com\/index.php\/wp-json\/wp\/v2\/posts\/8362","targetHints":{"allow":["GET"]}}],"collection":[{"href":"https:\/\/www.urfabugun.com\/index.php\/wp-json\/wp\/v2\/posts"}],"about":[{"href":"https:\/\/www.urfabugun.com\/index.php\/wp-json\/wp\/v2\/types\/post"}],"author":[{"embeddable":true,"href":"https:\/\/www.urfabugun.com\/index.php\/wp-json\/wp\/v2\/users\/2"}],"replies":[{"embeddable":true,"href":"https:\/\/www.urfabugun.com\/index.php\/wp-json\/wp\/v2\/comments?post=8362"}],"version-history":[{"count":0,"href":"https:\/\/www.urfabugun.com\/index.php\/wp-json\/wp\/v2\/posts\/8362\/revisions"}],"wp:featuredmedia":[{"embeddable":true,"href":"https:\/\/www.urfabugun.com\/index.php\/wp-json\/wp\/v2\/media\/8364"}],"wp:attachment":[{"href":"https:\/\/www.urfabugun.com\/index.php\/wp-json\/wp\/v2\/media?parent=8362"}],"wp:term":[{"taxonomy":"category","embeddable":true,"href":"https:\/\/www.urfabugun.com\/index.php\/wp-json\/wp\/v2\/categories?post=8362"},{"taxonomy":"post_tag","embeddable":true,"href":"https:\/\/www.urfabugun.com\/index.php\/wp-json\/wp\/v2\/tags?post=8362"},{"taxonomy":"manset","embeddable":true,"href":"https:\/\/www.urfabugun.com\/index.php\/wp-json\/wp\/v2\/manset?post=8362"}],"curies":[{"name":"wp","href":"https:\/\/api.w.org\/{rel}","templated":true}]}}