{"id":8392,"date":"2023-08-07T15:44:54","date_gmt":"2023-08-07T12:44:54","guid":{"rendered":"https:\/\/www.urfabugun.com\/?p=8392"},"modified":"2023-08-07T15:44:59","modified_gmt":"2023-08-07T12:44:59","slug":"imzalar-atildi-sanliurfasporun-adi-resmen-degisti","status":"publish","type":"post","link":"https:\/\/www.urfabugun.com\/index.php\/2023\/08\/07\/imzalar-atildi-sanliurfasporun-adi-resmen-degisti\/","title":{"rendered":"\u0130mzalar At\u0131ld\u0131: \u015eanl\u0131urfasporun Ad\u0131 Resmen De\u011fi\u015fti!"},"content":{"rendered":"\n<p><strong>Trendyol 1. Lig&#8217;in yeni ekiplerinden \u015eanl\u0131urfaspor ile Astor Enerji aras\u0131nda isim sponsorlu\u011fu anla\u015fmas\u0131 imzaland\u0131.<\/strong><\/p>\n\n\n\n<p>\u015eanl\u0131urfaspor Kul\u00fcp Ba\u015fkan\u0131 Ha\u00e7\u0131m \u0130zol, kul\u00fcp tesislerindeki t\u00f6rende, desteklerinden dolay\u0131 Astor Enerji Y\u00f6netim Kurulu Ba\u015fkan\u0131 Feridun Ge\u00e7gel&#8217;e te\u015fekk\u00fcr etti.<\/p>\n\n\n\n<p>Ge\u00e7gel&#8217;in \u00fclkede \u00f6nemli bir sekt\u00f6r\u00fcn \u00f6nc\u00fclerden oldu\u011funu ifade eden \u0130zol, &#8220;\u015eanl\u0131urfaspor&#8217;un 2023-2024 sezonunda ismi Astor Enerji \u015eanl\u0131urfaspor olacakt\u0131r. \u015eanl\u0131urfaspor ve t\u00fcm camiaya hay\u0131rl\u0131 olsun.&#8221; dedi.<\/p>\n\n\n\n<p>Ge\u00e7gel ise \u015eanl\u0131urfaspor&#8217;un \u00e7ok de\u011fer verdikleri \u00f6nemli bir marka oldu\u011funu s\u00f6yledi.<\/p>\n\n\n\n<p>El birli\u011fi ve desteklerle hep beraber \u015eanl\u0131urfaspor&#8217;u bir yere getirmek istediklerini aktaran Ge\u00e7gel, &#8220;Buna az bir katk\u0131m\u0131z olduysa ne mutlu. Her zaman \u015eanl\u0131urfasor&#8217;un yan\u0131nda bulunaca\u011f\u0131m\u0131, bulundu\u011fumu da b\u00fcy\u00fcklerim bilir. Nerede bir s\u0131k\u0131nt\u0131s\u0131 olursa tak\u0131m\u0131m\u0131z\u0131n her zaman yan\u0131nda bulunaca\u011f\u0131ma imkanlar\u0131m dahilinde s\u00f6z veriyorum. \u0130n\u015fallah \u015eanl\u0131urfaspor ligde kal\u0131r, \u015fampiyonluk s\u00f6z\u00fc vermeyelim diye. Ama in\u015fallah \u015fampiyonluklar olsun. \u00c7\u00fcnk\u00fc \u015eanl\u0131urfaspor de\u011ferli bir markam\u0131z in\u015fallah Avrupa kupalar\u0131nda da g\u00f6rmek isterim.&#8221; diye konu\u015ftu.<\/p>\n\n\n\n<p>Konu\u015fmalar\u0131n ard\u0131ndan isim sponsorlu\u011fu anla\u015fmas\u0131 imzaland\u0131. T\u00f6rene B\u00fcy\u00fck\u015fehir Belediye Ba\u015fkan\u0131 Zeynel Abidin Beyazg\u00fcl, AK Parti \u0130l Ba\u015fkan\u0131 Ali \u0130hsan Delio\u011flu ile merkez il\u00e7e belediye ba\u015fkanlar\u0131 ve tak\u0131m y\u00f6neticileri kat\u0131ld\u0131.<\/p>\n","protected":false},"excerpt":{"rendered":"<p>Trendyol 1. Lig&#8217;in yeni ekiplerinden \u015eanl\u0131urfaspor ile Astor Enerji aras\u0131nda isim sponsorlu\u011fu anla\u015fmas\u0131 imzaland\u0131. \u015eanl\u0131urfaspor Kul\u00fcp&#46;&#46;&#46;<\/p>\n","protected":false},"author":2,"featured_media":8394,"comment_status":"open","ping_status":"open","sticky":false,"template":"","format":"standard","meta":{"inline_featured_image":false,"footnotes":""},"categories":[88],"tags":[118,270,2493,131,107,130],"manset":[],"class_list":["post-8392","post","type-post","status-publish","format-standard","has-post-thumbnail","hentry","category-spor-haberleri","tag-sanliurfa","tag-sanliurfaspor","tag-sanliurfasporun-adi-resmen-degisti","tag-son-dakika","tag-ub","tag-urfa"],"_links":{"self":[{"href":"https:\/\/www.urfabugun.com\/index.php\/wp-json\/wp\/v2\/posts\/8392","targetHints":{"allow":["GET"]}}],"collection":[{"href":"https:\/\/www.urfabugun.com\/index.php\/wp-json\/wp\/v2\/posts"}],"about":[{"href":"https:\/\/www.urfabugun.com\/index.php\/wp-json\/wp\/v2\/types\/post"}],"author":[{"embeddable":true,"href":"https:\/\/www.urfabugun.com\/index.php\/wp-json\/wp\/v2\/users\/2"}],"replies":[{"embeddable":true,"href":"https:\/\/www.urfabugun.com\/index.php\/wp-json\/wp\/v2\/comments?post=8392"}],"version-history":[{"count":0,"href":"https:\/\/www.urfabugun.com\/index.php\/wp-json\/wp\/v2\/posts\/8392\/revisions"}],"wp:featuredmedia":[{"embeddable":true,"href":"https:\/\/www.urfabugun.com\/index.php\/wp-json\/wp\/v2\/media\/8394"}],"wp:attachment":[{"href":"https:\/\/www.urfabugun.com\/index.php\/wp-json\/wp\/v2\/media?parent=8392"}],"wp:term":[{"taxonomy":"category","embeddable":true,"href":"https:\/\/www.urfabugun.com\/index.php\/wp-json\/wp\/v2\/categories?post=8392"},{"taxonomy":"post_tag","embeddable":true,"href":"https:\/\/www.urfabugun.com\/index.php\/wp-json\/wp\/v2\/tags?post=8392"},{"taxonomy":"manset","embeddable":true,"href":"https:\/\/www.urfabugun.com\/index.php\/wp-json\/wp\/v2\/manset?post=8392"}],"curies":[{"name":"wp","href":"https:\/\/api.w.org\/{rel}","templated":true}]}}