{"id":8400,"date":"2023-08-07T21:34:56","date_gmt":"2023-08-07T18:34:56","guid":{"rendered":"https:\/\/www.urfabugun.com\/?p=8400"},"modified":"2023-08-07T21:35:03","modified_gmt":"2023-08-07T18:35:03","slug":"unlu-sanatci-erkin-koray-hayatini-kaybetti","status":"publish","type":"post","link":"https:\/\/www.urfabugun.com\/index.php\/2023\/08\/07\/unlu-sanatci-erkin-koray-hayatini-kaybetti\/","title":{"rendered":"\u00dcnl\u00fc Sanat\u00e7\u0131 Erkin Koray Hayat\u0131n\u0131 Kaybetti!"},"content":{"rendered":"\n<p><\/p>\n\n\n\n<p><strong>Anadolu Rock m\u00fczi\u011finin usta ismi Erkin Koray, 82 ya\u015f\u0131nda hayat\u0131n\u0131 kaybetti.<\/strong><\/p>\n\n\n\n<p>Anadolu Rock m\u00fczi\u011finin efsane ismi Erkin Koray&#8217;dan ac\u0131 haber geldi. Kanada&#8217;da ya\u015fayan Koray, 82 ya\u015f\u0131nda hayata g\u00f6zlerini yumdu. Usta sanat\u00e7\u0131 bir s\u00fcredir akci\u011ferindeki rahats\u0131zl\u0131klar nedeniyle tedavi g\u00f6r\u00fcyordu.<\/p>\n\n\n\n<p><strong>ERK\u0130N KORAY YA\u015eAMINI Y\u0130T\u0130RD\u0130<\/strong><\/p>\n\n\n\n<p>Uzun y\u0131llard\u0131r hayat\u0131n\u0131 Kanada&#8217;da devam ettiren Anadolu Rock m\u00fczi\u011finin efsane isimlerinden 82 ya\u015f\u0131ndaki Erkin Koray&#8217;dan ac\u0131 haber geldi. Akci\u011ferindeki rahats\u0131zl\u0131klar nedeniyle bir s\u00fcredir tedavi g\u00f6ren usta sanat\u00e7\u0131 82 ya\u015f\u0131nda hayata g\u00f6zlerini yumdu.<\/p>\n","protected":false},"excerpt":{"rendered":"<p>Anadolu Rock m\u00fczi\u011finin usta ismi Erkin Koray, 82 ya\u015f\u0131nda hayat\u0131n\u0131 kaybetti. Anadolu Rock m\u00fczi\u011finin efsane ismi&#46;&#46;&#46;<\/p>\n","protected":false},"author":2,"featured_media":8402,"comment_status":"open","ping_status":"open","sticky":false,"template":"","format":"standard","meta":{"inline_featured_image":false,"footnotes":""},"categories":[85],"tags":[2496,115,107,2497,608],"manset":[],"class_list":["post-8400","post","type-post","status-publish","format-standard","has-post-thumbnail","hentry","category-magazin-haberleri","tag-erkin-koray","tag-magazin","tag-ub","tag-unlu-sanatci-erkin-koray-hayatini-kaybetti","tag-urfa-bugun"],"_links":{"self":[{"href":"https:\/\/www.urfabugun.com\/index.php\/wp-json\/wp\/v2\/posts\/8400","targetHints":{"allow":["GET"]}}],"collection":[{"href":"https:\/\/www.urfabugun.com\/index.php\/wp-json\/wp\/v2\/posts"}],"about":[{"href":"https:\/\/www.urfabugun.com\/index.php\/wp-json\/wp\/v2\/types\/post"}],"author":[{"embeddable":true,"href":"https:\/\/www.urfabugun.com\/index.php\/wp-json\/wp\/v2\/users\/2"}],"replies":[{"embeddable":true,"href":"https:\/\/www.urfabugun.com\/index.php\/wp-json\/wp\/v2\/comments?post=8400"}],"version-history":[{"count":0,"href":"https:\/\/www.urfabugun.com\/index.php\/wp-json\/wp\/v2\/posts\/8400\/revisions"}],"wp:featuredmedia":[{"embeddable":true,"href":"https:\/\/www.urfabugun.com\/index.php\/wp-json\/wp\/v2\/media\/8402"}],"wp:attachment":[{"href":"https:\/\/www.urfabugun.com\/index.php\/wp-json\/wp\/v2\/media?parent=8400"}],"wp:term":[{"taxonomy":"category","embeddable":true,"href":"https:\/\/www.urfabugun.com\/index.php\/wp-json\/wp\/v2\/categories?post=8400"},{"taxonomy":"post_tag","embeddable":true,"href":"https:\/\/www.urfabugun.com\/index.php\/wp-json\/wp\/v2\/tags?post=8400"},{"taxonomy":"manset","embeddable":true,"href":"https:\/\/www.urfabugun.com\/index.php\/wp-json\/wp\/v2\/manset?post=8400"}],"curies":[{"name":"wp","href":"https:\/\/api.w.org\/{rel}","templated":true}]}}