{"id":8404,"date":"2023-08-08T09:12:07","date_gmt":"2023-08-08T06:12:07","guid":{"rendered":"https:\/\/www.urfabugun.com\/?p=8404"},"modified":"2023-08-08T09:12:13","modified_gmt":"2023-08-08T06:12:13","slug":"kabine-sonrasi-cumhurbaskani-erdogandan-enflasyon-mesaji","status":"publish","type":"post","link":"https:\/\/www.urfabugun.com\/index.php\/2023\/08\/08\/kabine-sonrasi-cumhurbaskani-erdogandan-enflasyon-mesaji\/","title":{"rendered":"Kabine Sonras\u0131 Cumhurba\u015fkan\u0131 Erdo\u011fan&#8217;dan &#8220;Enflasyon&#8221; Mesaj\u0131!"},"content":{"rendered":"\n<p><\/p>\n\n\n\n<p><strong>Kabine toplant\u0131s\u0131n\u0131n ard\u0131ndan a\u00e7\u0131klamalarda bulunan Cumhurba\u015fkan\u0131 Erdo\u011fan, &#8220;enflasyon&#8221; ile ilgili net mesaj verdi.<\/strong><\/p>\n\n\n\n<p>Cumhurba\u015fkan\u0131 Erdo\u011fan, Kabine toplant\u0131s\u0131 sonras\u0131 yapt\u0131\u011f\u0131 a\u00e7\u0131klamada, enflasyon ile ilgili konu\u015ftu. Erdo\u011fan, son 21 y\u0131l\u0131n enflasyon ortalamas\u0131n\u0131n y\u00fczde 15&#8217;in alt\u0131nda oldu\u011funu belirterek, &#8220;Bu m\u00fccadelede enflasyonu y\u00fczde 6&#8217;lara kadar d\u00fc\u015f\u00fcren de yine biz olduk. \u0130\u00e7 ve d\u0131\u015f pek \u00e7ok ar\u0131zi meselenin \u00fcst \u00fcste gelmesiyle y\u00fckselen enflasyonu, Allah&#8217;\u0131n izniyle, yeniden tek haneli rakamlara yine biz indirece\u011fiz&#8221; ifadelerini kulland\u0131.<\/p>\n\n\n\n<p><strong>KAB\u0130NE&#8217;DE EKONOM\u0130YE GEN\u0130\u015e YER AYRILDI<\/strong><\/p>\n\n\n\n<p>Kabine toplant\u0131s\u0131, Cumhurba\u015fkan\u0131 Erdo\u011fan&#8217;\u0131n ba\u015fkanl\u0131\u011f\u0131nda iki haftal\u0131k aran\u0131n ard\u0131ndan topland\u0131. \u00d6nemli konu ba\u015fl\u0131klar\u0131n\u0131n ele al\u0131nd\u0131\u011f\u0131 toplant\u0131da ekonomiye geni\u015f yer ayr\u0131ld\u0131. Toplant\u0131n\u0131n ard\u0131ndan kameralar kar\u015f\u0131s\u0131na ge\u00e7en Cumhurba\u015fkan\u0131 Erdo\u011fan dikkat \u00e7eken mesajlar verdi.<\/p>\n\n\n\n<p><strong>&#8220;SON 21 YILIN ENFLASYON ORTALAMASI Y\u00dcZDE 15&#8217;\u0130N ALTINDA&#8221;<\/strong><\/p>\n\n\n\n<p>Y\u00fcksek enflasyon ve hayat pahal\u0131l\u0131\u011f\u0131na ili\u015fkin konu\u015fan Cumhurba\u015fkan\u0131 Erdo\u011fan, \u00e7ok eskilerden gelen kronik bir sorunla m\u00fccadele ettiklerini belirtti. Cumhurba\u015fkan\u0131 Erdo\u011fan \u015funlar\u0131 s\u00f6yledi: &#8220;Mesela, son 21 y\u0131l\u0131n enflasyon ortalamas\u0131 y\u00fczde 15&#8217;in alt\u0131ndad\u0131r. Bu ortalama rakam\u0131n 1970&#8217;lerde y\u00fczde 34, 1980&#8217;lerde y\u00fczde 44, 1990&#8217;larda y\u00fczde 74 seviyelerinde oldu\u011funu unutmamal\u0131y\u0131z.<\/p>\n\n\n\n<p><strong>&#8220;ENFLASYONU YEN\u0130DEN TEK HANEL\u0130 RAKAMLARA Y\u0130NE B\u0130Z \u0130ND\u0130RECE\u011e\u0130Z&#8221;<\/strong><\/p>\n\n\n\n<p>Yani biz, T\u00fcrkiye&#8217;nin sadece g\u00fcncel de\u011fil, \u00e7ok eskilerden beri gelen kronik bir sorunuyla m\u00fccadele ediyoruz. Bu m\u00fccadelede enflasyonu y\u00fczde 6&#8217;lara kadar d\u00fc\u015f\u00fcren de yine biz olduk. \u0130\u00e7 ve d\u0131\u015f pek \u00e7ok ar\u0131zi meselenin \u00fcst \u00fcste gelmesiyle y\u00fckselen enflasyonu, Allah&#8217;\u0131n izniyle, yeniden tek haneli rakamlara yine biz indirece\u011fiz.&#8221;<\/p>\n","protected":false},"excerpt":{"rendered":"<p>Kabine toplant\u0131s\u0131n\u0131n ard\u0131ndan a\u00e7\u0131klamalarda bulunan Cumhurba\u015fkan\u0131 Erdo\u011fan, &#8220;enflasyon&#8221; ile ilgili net mesaj verdi. Cumhurba\u015fkan\u0131 Erdo\u011fan, Kabine&#46;&#46;&#46;<\/p>\n","protected":false},"author":2,"featured_media":8406,"comment_status":"open","ping_status":"open","sticky":false,"template":"","format":"standard","meta":{"inline_featured_image":false,"footnotes":""},"categories":[82,90],"tags":[162,1830,747,131,107],"manset":[],"class_list":["post-8404","post","type-post","status-publish","format-standard","has-post-thumbnail","hentry","category-gundem-haberleri","category-turkiye-haberleri","tag-enflasyon","tag-erdogan-2","tag-kabine-toplantisi","tag-son-dakika","tag-ub"],"_links":{"self":[{"href":"https:\/\/www.urfabugun.com\/index.php\/wp-json\/wp\/v2\/posts\/8404","targetHints":{"allow":["GET"]}}],"collection":[{"href":"https:\/\/www.urfabugun.com\/index.php\/wp-json\/wp\/v2\/posts"}],"about":[{"href":"https:\/\/www.urfabugun.com\/index.php\/wp-json\/wp\/v2\/types\/post"}],"author":[{"embeddable":true,"href":"https:\/\/www.urfabugun.com\/index.php\/wp-json\/wp\/v2\/users\/2"}],"replies":[{"embeddable":true,"href":"https:\/\/www.urfabugun.com\/index.php\/wp-json\/wp\/v2\/comments?post=8404"}],"version-history":[{"count":0,"href":"https:\/\/www.urfabugun.com\/index.php\/wp-json\/wp\/v2\/posts\/8404\/revisions"}],"wp:featuredmedia":[{"embeddable":true,"href":"https:\/\/www.urfabugun.com\/index.php\/wp-json\/wp\/v2\/media\/8406"}],"wp:attachment":[{"href":"https:\/\/www.urfabugun.com\/index.php\/wp-json\/wp\/v2\/media?parent=8404"}],"wp:term":[{"taxonomy":"category","embeddable":true,"href":"https:\/\/www.urfabugun.com\/index.php\/wp-json\/wp\/v2\/categories?post=8404"},{"taxonomy":"post_tag","embeddable":true,"href":"https:\/\/www.urfabugun.com\/index.php\/wp-json\/wp\/v2\/tags?post=8404"},{"taxonomy":"manset","embeddable":true,"href":"https:\/\/www.urfabugun.com\/index.php\/wp-json\/wp\/v2\/manset?post=8404"}],"curies":[{"name":"wp","href":"https:\/\/api.w.org\/{rel}","templated":true}]}}