{"id":8410,"date":"2023-08-08T10:42:12","date_gmt":"2023-08-08T07:42:12","guid":{"rendered":"https:\/\/www.urfabugun.com\/?p=8410"},"modified":"2023-08-08T10:42:25","modified_gmt":"2023-08-08T07:42:25","slug":"sanliurfada-elektrik-akimina-kapilan-kisi-oldu","status":"publish","type":"post","link":"https:\/\/www.urfabugun.com\/index.php\/2023\/08\/08\/sanliurfada-elektrik-akimina-kapilan-kisi-oldu\/","title":{"rendered":"\u015eanl\u0131urfa&#8217;da Elektrik Ak\u0131m\u0131na Kap\u0131lan Ki\u015fi \u00d6ld\u00fc!"},"content":{"rendered":"\n<p><\/p>\n\n\n\n<p><strong>\u015eanl\u0131urfa&#8217;n\u0131n Siverek il\u00e7esinde elektrik ak\u0131m\u0131na kap\u0131lan ki\u015fi hayat\u0131n\u0131 kaybetti.<\/strong><\/p>\n\n\n\n<p>A\u015fa\u011f\u0131karabah\u00e7e Mahallesi&#8217;nde bir ar\u0131za i\u00e7in elektrik dire\u011fine \u00e7\u0131kan Mustafa Dedeo\u011flu, ak\u0131ma kap\u0131ld\u0131.<\/p>\n\n\n\n<p>Durumu g\u00f6ren vatanda\u015flar\u0131n ihbar\u0131 \u00fczerine olay yerine gelen sa\u011fl\u0131k ekipleri, Dedeo\u011flu&#8217;nun hayat\u0131n\u0131 kaybetti\u011fini belirledi.<\/p>\n\n\n\n<p>Dedeo\u011flu&#8217;nun cenazesi ilk incelemenin ard\u0131ndan Siverek Devlet Hastanesi morguna kald\u0131r\u0131ld\u0131.<\/p>\n","protected":false},"excerpt":{"rendered":"<p>\u015eanl\u0131urfa&#8217;n\u0131n Siverek il\u00e7esinde elektrik ak\u0131m\u0131na kap\u0131lan ki\u015fi hayat\u0131n\u0131 kaybetti. A\u015fa\u011f\u0131karabah\u00e7e Mahallesi&#8217;nde bir ar\u0131za i\u00e7in elektrik dire\u011fine&#46;&#46;&#46;<\/p>\n","protected":false},"author":2,"featured_media":8412,"comment_status":"open","ping_status":"open","sticky":false,"template":"","format":"standard","meta":{"inline_featured_image":false,"footnotes":""},"categories":[75],"tags":[2499,2500,2498,131,107],"manset":[],"class_list":["post-8410","post","type-post","status-publish","format-standard","has-post-thumbnail","hentry","category-asayis-haberleri","tag-asagikarabahce","tag-mustafa-dedeoglu","tag-sanliurfada-elektrik-akimina-kapilan-kisi-oldu","tag-son-dakika","tag-ub"],"_links":{"self":[{"href":"https:\/\/www.urfabugun.com\/index.php\/wp-json\/wp\/v2\/posts\/8410","targetHints":{"allow":["GET"]}}],"collection":[{"href":"https:\/\/www.urfabugun.com\/index.php\/wp-json\/wp\/v2\/posts"}],"about":[{"href":"https:\/\/www.urfabugun.com\/index.php\/wp-json\/wp\/v2\/types\/post"}],"author":[{"embeddable":true,"href":"https:\/\/www.urfabugun.com\/index.php\/wp-json\/wp\/v2\/users\/2"}],"replies":[{"embeddable":true,"href":"https:\/\/www.urfabugun.com\/index.php\/wp-json\/wp\/v2\/comments?post=8410"}],"version-history":[{"count":0,"href":"https:\/\/www.urfabugun.com\/index.php\/wp-json\/wp\/v2\/posts\/8410\/revisions"}],"wp:featuredmedia":[{"embeddable":true,"href":"https:\/\/www.urfabugun.com\/index.php\/wp-json\/wp\/v2\/media\/8412"}],"wp:attachment":[{"href":"https:\/\/www.urfabugun.com\/index.php\/wp-json\/wp\/v2\/media?parent=8410"}],"wp:term":[{"taxonomy":"category","embeddable":true,"href":"https:\/\/www.urfabugun.com\/index.php\/wp-json\/wp\/v2\/categories?post=8410"},{"taxonomy":"post_tag","embeddable":true,"href":"https:\/\/www.urfabugun.com\/index.php\/wp-json\/wp\/v2\/tags?post=8410"},{"taxonomy":"manset","embeddable":true,"href":"https:\/\/www.urfabugun.com\/index.php\/wp-json\/wp\/v2\/manset?post=8410"}],"curies":[{"name":"wp","href":"https:\/\/api.w.org\/{rel}","templated":true}]}}