{"id":8414,"date":"2023-08-08T10:51:10","date_gmt":"2023-08-08T07:51:10","guid":{"rendered":"https:\/\/www.urfabugun.com\/?p=8414"},"modified":"2023-08-08T10:51:16","modified_gmt":"2023-08-08T07:51:16","slug":"urfa-sevdalisi-ibrahim-tatlises-bu-kez-belediye-baskanligi-icin-aday","status":"publish","type":"post","link":"https:\/\/www.urfabugun.com\/index.php\/2023\/08\/08\/urfa-sevdalisi-ibrahim-tatlises-bu-kez-belediye-baskanligi-icin-aday\/","title":{"rendered":"Urfa Sevdal\u0131s\u0131 \u0130brahim Tatl\u0131ses Bu Kez Belediye Ba\u015fkanl\u0131\u011f\u0131 \u0130\u00e7in Aday!"},"content":{"rendered":"\n<p><\/p>\n\n\n\n<p><strong>\u00dcnl\u00fc sanat\u00e7\u0131 \u0130brahim Tatl\u0131ses, 5 kez milletvekili aday adayl\u0131\u011f\u0131ndan sonra bu kez de Belediye Ba\u015fkanl\u0131\u011f\u0131 i\u00e7in aday olacak. Tatl\u0131ses&#8217;in bu iste\u011fi memleketine hizmet a\u015fk\u0131ndan kaynaklan\u0131yor.<\/strong><\/p>\n\n\n\n<p>MustafaBarisDurak Medya&#8217;da yer alan habere g\u00f6re \u00fcnl\u00fc sanat\u00e7\u0131 \u0130brahim Tatl\u0131ses 5 kez milletvekili aday adayl\u0131\u011f\u0131ndan sonra bu kez de Belediye Ba\u015fkanl\u0131\u011f\u0131 i\u00e7in aday olacak. Yakla\u015fan yerel se\u00e7imler \u00f6ncesi bir\u00e7ok sanat\u00e7\u0131n\u0131n adayl\u0131\u011f\u0131 g\u00fcndeme gelirken en s\u00fcrpriz isim \u0130brahim Tatl\u0131ses&#8217;ten geldi.<\/p>\n\n\n\n<p>Tatl\u0131ses&#8217;e yak\u0131n kaynaklardan \u00f6\u011frenilen bilgiye g\u00f6re \u00fcnl\u00fc sanat\u00e7\u0131n\u0131n bu iste\u011fi memleketine hizmet a\u015fk\u0131ndan dolay\u0131 \u00f6ne s\u00fcr\u00fcld\u00fc. Tatl\u0131ses daha \u00f6nce &#8220;Urfa&#8217;ma hizmet i\u00e7in var\u0131m. 50 kere aday aday\u0131 oldum, Urfa&#8217;m i\u00e7in bir 100 defa daha olurum. Benim gayem \u015eanl\u0131urfa&#8217;n\u0131n sorunlar\u0131n\u0131 \u00e7\u00f6zmek. \u015eanl\u0131urfa&#8217;ya hizmet etmek&#8221; demi\u015fti.<\/p>\n\n\n\n<p>Daha \u00f6nce Ak Parti&#8217;den milletvekili olabilmek i\u00e7in 5 kez aday aday\u0131 olan \u0130brahim Tatl\u0131ses, her denemesinde ba\u015far\u0131s\u0131z oldu. Sanat\u00e7\u0131 bir d\u00f6nemde Gen\u00e7 Parti&#8217;den milletvekili aday\u0131 olmu\u015f yine se\u00e7ilmemi\u015fti.<\/p>\n","protected":false},"excerpt":{"rendered":"<p>\u00dcnl\u00fc sanat\u00e7\u0131 \u0130brahim Tatl\u0131ses, 5 kez milletvekili aday adayl\u0131\u011f\u0131ndan sonra bu kez de Belediye Ba\u015fkanl\u0131\u011f\u0131 i\u00e7in&#46;&#46;&#46;<\/p>\n","protected":false},"author":2,"featured_media":8416,"comment_status":"open","ping_status":"open","sticky":false,"template":"","format":"standard","meta":{"inline_featured_image":false,"footnotes":""},"categories":[85],"tags":[307,131,107,2501],"manset":[],"class_list":["post-8414","post","type-post","status-publish","format-standard","has-post-thumbnail","hentry","category-magazin-haberleri","tag-ibrahim-tatlises","tag-son-dakika","tag-ub","tag-urfa-sevdalisi-ibrahim-tatlises-bu-kez-belediye-baskanligi-icin-aday"],"_links":{"self":[{"href":"https:\/\/www.urfabugun.com\/index.php\/wp-json\/wp\/v2\/posts\/8414","targetHints":{"allow":["GET"]}}],"collection":[{"href":"https:\/\/www.urfabugun.com\/index.php\/wp-json\/wp\/v2\/posts"}],"about":[{"href":"https:\/\/www.urfabugun.com\/index.php\/wp-json\/wp\/v2\/types\/post"}],"author":[{"embeddable":true,"href":"https:\/\/www.urfabugun.com\/index.php\/wp-json\/wp\/v2\/users\/2"}],"replies":[{"embeddable":true,"href":"https:\/\/www.urfabugun.com\/index.php\/wp-json\/wp\/v2\/comments?post=8414"}],"version-history":[{"count":0,"href":"https:\/\/www.urfabugun.com\/index.php\/wp-json\/wp\/v2\/posts\/8414\/revisions"}],"wp:featuredmedia":[{"embeddable":true,"href":"https:\/\/www.urfabugun.com\/index.php\/wp-json\/wp\/v2\/media\/8416"}],"wp:attachment":[{"href":"https:\/\/www.urfabugun.com\/index.php\/wp-json\/wp\/v2\/media?parent=8414"}],"wp:term":[{"taxonomy":"category","embeddable":true,"href":"https:\/\/www.urfabugun.com\/index.php\/wp-json\/wp\/v2\/categories?post=8414"},{"taxonomy":"post_tag","embeddable":true,"href":"https:\/\/www.urfabugun.com\/index.php\/wp-json\/wp\/v2\/tags?post=8414"},{"taxonomy":"manset","embeddable":true,"href":"https:\/\/www.urfabugun.com\/index.php\/wp-json\/wp\/v2\/manset?post=8414"}],"curies":[{"name":"wp","href":"https:\/\/api.w.org\/{rel}","templated":true}]}}