{"id":8435,"date":"2023-08-09T11:58:37","date_gmt":"2023-08-09T08:58:37","guid":{"rendered":"https:\/\/www.urfabugun.com\/?p=8435"},"modified":"2023-08-09T11:58:44","modified_gmt":"2023-08-09T08:58:44","slug":"ak-partide-olaganustu-kongre-7-ekimde","status":"publish","type":"post","link":"https:\/\/www.urfabugun.com\/index.php\/2023\/08\/09\/ak-partide-olaganustu-kongre-7-ekimde\/","title":{"rendered":"AK Parti&#8217;de Ola\u011fan\u00fcst\u00fc Kongre 7 Ekim&#8217;de!"},"content":{"rendered":"\n<p><\/p>\n\n\n\n<p><strong>Cumhurba\u015fkan\u0131 Erdo\u011fan yeni A tak\u0131m\u0131n\u0131 olu\u015fturmak i\u00e7in d\u00fc\u011fmeye basarken, AK Parti Genel Ba\u015fkan Yard\u0131mc\u0131s\u0131 Hamza Da\u011f kat\u0131ld\u0131\u011f\u0131 yay\u0131nda partinin ola\u011fan\u00fcst\u00fc kongresinin 7 Ekim&#8217;de ger\u00e7ekle\u015ftirilece\u011fini a\u00e7\u0131klad\u0131.<\/strong><\/p>\n\n\n\n<p>Ak Parti Genel Ba\u015fkan Yard\u0131mc\u0131s\u0131 Hamza Da\u011f kat\u0131ld\u0131\u011f\u0131 canl\u0131 yay\u0131nda g\u00fcndeme ili\u015fkin sorulara yan\u0131t verdi.<\/p>\n\n\n\n<p><strong>&#8220;KASIM AYININ BA\u015eLARI G\u0130B\u0130 ADAYLAR \u00c7IKAR&#8221;<\/strong><\/p>\n\n\n\n<p>AK Partili Da\u011f&#8217;\u0131n a\u00e7\u0131klamalar\u0131ndan \u00f6ne \u00e7\u0131kanlar \u015f\u00f6yle; &#8220;Rakiplerimiz de\u011fi\u015fim tart\u0131\u015fmalar\u0131 ya\u015farken, biz yerel se\u00e7imlere y\u00f6nelik ad\u0131mlar\u0131m\u0131z\u0131 at\u0131yoruz. Bu biraz daha mutfak ve haz\u0131rl\u0131k d\u00f6nemi. Kas\u0131m ay\u0131n\u0131n ba\u015flar\u0131 gibi h\u0131zla sahaya \u00e7\u0131kma d\u00f6nemi ba\u015flar adaylar i\u00e7in.<\/p>\n\n\n\n<p><strong>&#8220;EK\u0130M AYINDA KONGREM\u0130Z VAR&#8221;<\/strong><\/p>\n\n\n\n<p>Bir \u00f6nceki takvime bakacak olursak, adaylar\u0131n tamam\u0131 kas\u0131m ay\u0131nda belli olacak diyemeyiz. Ekimde kongremiz var. \u015eu anda tarih vermek m\u00fcmk\u00fcn de\u011fil ama bir \u00f6nceki d\u00f6neme bakt\u0131\u011f\u0131n\u0131z zaman kas\u0131mda s\u00fcrecin ba\u015flad\u0131\u011f\u0131n\u0131 g\u00f6r\u00fcyoruz.<\/p>\n\n\n\n<p><strong>&#8220;KONGREDE SESS\u0130Z SEDASIZ DE\u011e\u0130\u015e\u0130MLER OLACAK&#8221;<\/strong><\/p>\n\n\n\n<p>Biz milletimizin her zaman destek verdi\u011fi, birinci parti yapt\u0131\u011f\u0131 bir partiyiz. Sadece nicelik de\u011fil niteli\u011fi olan da bir partiyiz. AK Parti bakanlar\u0131n\u0131 milletvekili aday\u0131 yapm\u0131\u015f, bakanlar kurulu yeni arkada\u015flardan olu\u015fmu\u015f bir siyasi parti. Kongrede de de\u011fi\u015fimler olacak. Sessiz sedas\u0131z olacak. Kar\u015f\u0131 taraf\u0131n adaylar\u0131n\u0131n fersah fersah \u00f6tesinde adaylar yeti\u015ftirebilecek bir partiyiz. Her ilde bu i\u015fi yapabilecek 5&#8217;in \u00fczerinde arkada\u015f\u0131m\u0131z var. Veriler var, sahadan d\u00f6n\u00fc\u015fler var. \u0130n\u015fallah bir terslik olmazsa 7 Ekim&#8217;de kongremizi Ankara Kapal\u0131 Spor Salonu&#8217;nda yapaca\u011f\u0131z.&#8221;<\/p>\n","protected":false},"excerpt":{"rendered":"<p>Cumhurba\u015fkan\u0131 Erdo\u011fan yeni A tak\u0131m\u0131n\u0131 olu\u015fturmak i\u00e7in d\u00fc\u011fmeye basarken, AK Parti Genel Ba\u015fkan Yard\u0131mc\u0131s\u0131 Hamza Da\u011f&#46;&#46;&#46;<\/p>\n","protected":false},"author":2,"featured_media":8437,"comment_status":"open","ping_status":"open","sticky":false,"template":"","format":"standard","meta":{"inline_featured_image":false,"footnotes":""},"categories":[86],"tags":[328,2505,2506,131,107],"manset":[],"class_list":["post-8435","post","type-post","status-publish","format-standard","has-post-thumbnail","hentry","category-politika-haberleri","tag-ak-parti","tag-ak-partide-olaganustu-kongre-7-ekimde","tag-kongre","tag-son-dakika","tag-ub"],"_links":{"self":[{"href":"https:\/\/www.urfabugun.com\/index.php\/wp-json\/wp\/v2\/posts\/8435","targetHints":{"allow":["GET"]}}],"collection":[{"href":"https:\/\/www.urfabugun.com\/index.php\/wp-json\/wp\/v2\/posts"}],"about":[{"href":"https:\/\/www.urfabugun.com\/index.php\/wp-json\/wp\/v2\/types\/post"}],"author":[{"embeddable":true,"href":"https:\/\/www.urfabugun.com\/index.php\/wp-json\/wp\/v2\/users\/2"}],"replies":[{"embeddable":true,"href":"https:\/\/www.urfabugun.com\/index.php\/wp-json\/wp\/v2\/comments?post=8435"}],"version-history":[{"count":0,"href":"https:\/\/www.urfabugun.com\/index.php\/wp-json\/wp\/v2\/posts\/8435\/revisions"}],"wp:featuredmedia":[{"embeddable":true,"href":"https:\/\/www.urfabugun.com\/index.php\/wp-json\/wp\/v2\/media\/8437"}],"wp:attachment":[{"href":"https:\/\/www.urfabugun.com\/index.php\/wp-json\/wp\/v2\/media?parent=8435"}],"wp:term":[{"taxonomy":"category","embeddable":true,"href":"https:\/\/www.urfabugun.com\/index.php\/wp-json\/wp\/v2\/categories?post=8435"},{"taxonomy":"post_tag","embeddable":true,"href":"https:\/\/www.urfabugun.com\/index.php\/wp-json\/wp\/v2\/tags?post=8435"},{"taxonomy":"manset","embeddable":true,"href":"https:\/\/www.urfabugun.com\/index.php\/wp-json\/wp\/v2\/manset?post=8435"}],"curies":[{"name":"wp","href":"https:\/\/api.w.org\/{rel}","templated":true}]}}