{"id":8443,"date":"2023-08-09T13:04:11","date_gmt":"2023-08-09T10:04:11","guid":{"rendered":"https:\/\/www.urfabugun.com\/?p=8443"},"modified":"2023-08-09T13:04:17","modified_gmt":"2023-08-09T10:04:17","slug":"sanliurfada-aranan-zanli-yakalandi","status":"publish","type":"post","link":"https:\/\/www.urfabugun.com\/index.php\/2023\/08\/09\/sanliurfada-aranan-zanli-yakalandi\/","title":{"rendered":"\u015eanl\u0131urfa\u2019da Aranan Zanl\u0131 Yakaland\u0131!"},"content":{"rendered":"\n<p><\/p>\n\n\n\n<p><strong>\u015eanl\u0131urfa&#8217;n\u0131n Ceylanp\u0131nar il\u00e7esinde aranan zanl\u0131 tutukland\u0131.<\/strong><\/p>\n\n\n\n<p>\u0130l\u00e7e Emniyet M\u00fcd\u00fcrl\u00fc\u011f\u00fc Asayi\u015f B\u00fcro Amirli\u011fi ekiplerinin, aranan ki\u015filerin yakalanmas\u0131na y\u00f6nelik \u00e7al\u0131\u015fmalar\u0131 devam ediyor.<\/p>\n\n\n\n<p>Ekipler, 3 ayr\u0131 su\u00e7tan aranan A.B&#8217;yi adresinde g\u00f6zalt\u0131na ald\u0131.<\/p>\n\n\n\n<p>Emniyetteki i\u015flemlerin ard\u0131ndan cezaevine g\u00f6nderildi.<\/p>\n","protected":false},"excerpt":{"rendered":"<p>\u015eanl\u0131urfa&#8217;n\u0131n Ceylanp\u0131nar il\u00e7esinde aranan zanl\u0131 tutukland\u0131. \u0130l\u00e7e Emniyet M\u00fcd\u00fcrl\u00fc\u011f\u00fc Asayi\u015f B\u00fcro Amirli\u011fi ekiplerinin, aranan ki\u015filerin yakalanmas\u0131na&#46;&#46;&#46;<\/p>\n","protected":false},"author":2,"featured_media":8445,"comment_status":"open","ping_status":"open","sticky":false,"template":"","format":"standard","meta":{"inline_featured_image":false,"footnotes":""},"categories":[75],"tags":[184,304,118,131,608],"manset":[],"class_list":["post-8443","post","type-post","status-publish","format-standard","has-post-thumbnail","hentry","category-asayis-haberleri","tag-asayis","tag-ceylanpinar","tag-sanliurfa","tag-son-dakika","tag-urfa-bugun"],"_links":{"self":[{"href":"https:\/\/www.urfabugun.com\/index.php\/wp-json\/wp\/v2\/posts\/8443","targetHints":{"allow":["GET"]}}],"collection":[{"href":"https:\/\/www.urfabugun.com\/index.php\/wp-json\/wp\/v2\/posts"}],"about":[{"href":"https:\/\/www.urfabugun.com\/index.php\/wp-json\/wp\/v2\/types\/post"}],"author":[{"embeddable":true,"href":"https:\/\/www.urfabugun.com\/index.php\/wp-json\/wp\/v2\/users\/2"}],"replies":[{"embeddable":true,"href":"https:\/\/www.urfabugun.com\/index.php\/wp-json\/wp\/v2\/comments?post=8443"}],"version-history":[{"count":0,"href":"https:\/\/www.urfabugun.com\/index.php\/wp-json\/wp\/v2\/posts\/8443\/revisions"}],"wp:featuredmedia":[{"embeddable":true,"href":"https:\/\/www.urfabugun.com\/index.php\/wp-json\/wp\/v2\/media\/8445"}],"wp:attachment":[{"href":"https:\/\/www.urfabugun.com\/index.php\/wp-json\/wp\/v2\/media?parent=8443"}],"wp:term":[{"taxonomy":"category","embeddable":true,"href":"https:\/\/www.urfabugun.com\/index.php\/wp-json\/wp\/v2\/categories?post=8443"},{"taxonomy":"post_tag","embeddable":true,"href":"https:\/\/www.urfabugun.com\/index.php\/wp-json\/wp\/v2\/tags?post=8443"},{"taxonomy":"manset","embeddable":true,"href":"https:\/\/www.urfabugun.com\/index.php\/wp-json\/wp\/v2\/manset?post=8443"}],"curies":[{"name":"wp","href":"https:\/\/api.w.org\/{rel}","templated":true}]}}