{"id":8447,"date":"2023-08-09T13:23:47","date_gmt":"2023-08-09T10:23:47","guid":{"rendered":"https:\/\/www.urfabugun.com\/?p=8447"},"modified":"2023-08-09T13:23:53","modified_gmt":"2023-08-09T10:23:53","slug":"eyyam-i-bahur-ve-afrika-sicaklari-gitti-basra-sicaklari-yurda-giris-yapti","status":"publish","type":"post","link":"https:\/\/www.urfabugun.com\/index.php\/2023\/08\/09\/eyyam-i-bahur-ve-afrika-sicaklari-gitti-basra-sicaklari-yurda-giris-yapti\/","title":{"rendered":"Eyyam-I Bahur ve Afrika S\u0131caklar\u0131 Gitti, Basra S\u0131caklar\u0131 Yurda Giri\u015f Yapt\u0131!"},"content":{"rendered":"\n<p><\/p>\n\n\n\n<p><strong>T\u00fcrkiye&#8217;yi bir d\u00f6nem etkisi alt\u0131na alan &#8220;Eyyam-\u0131 bahur&#8221; ve &#8220;Afrika&#8221; s\u0131caklar\u0131n\u0131n T\u00fcrkiye\u2019yi terk etmesiyle Meteoroloji 15. B\u00f6lge M\u00fcd\u00fcrl\u00fc\u011f\u00fc bu kez &#8220;Basra&#8221; s\u0131caklar\u0131n\u0131n G\u00fcneydo\u011fu b\u00f6lgesinden yurda giri\u015f yapt\u0131\u011f\u0131n\u0131 a\u00e7\u0131klad\u0131.<\/strong><\/p>\n\n\n\n<p>Meteoroloji 15. B\u00f6lge M\u00fcd\u00fcrl\u00fc\u011f\u00fcnde m\u00fchendis H\u00fcmeyra Bet\u00fcl Akg\u00fcl, G\u00fcneydo\u011fu Anadolu B\u00f6lgesi\u2019nde bu hafta s\u0131cakl\u0131\u011f\u0131n mevsim normallerinin 6 ila 8 derece \u00fczerinde olmas\u0131n\u0131n beklendi\u011fini s\u00f6yledi.<\/p>\n\n\n\n<p>S\u0131cakl\u0131k art\u0131\u015f\u0131n\u0131n b\u00f6lgedeki il merkezlerinde d\u00fcn ba\u015flad\u0131\u011f\u0131na i\u015faret eden Akg\u00fcl, 10 A\u011fustos Per\u015fembe g\u00fcn\u00fcne kadar 4-5 derecelik art\u0131\u015f beklediklerini belirtti.<\/p>\n\n\n\n<p>S\u0131cak havada, \u00e7ocuklar\u0131n, ya\u015fl\u0131lar\u0131n ve kronik hastal\u0131\u011f\u0131 olanlar\u0131n dikkatli olmas\u0131 gerekti\u011fi uyar\u0131s\u0131nda bulunan Akg\u00fcl, m\u00fcmk\u00fcn oldu\u011funca kapal\u0131 ve g\u00f6lge alanlar\u0131n tercih edilmesi gerekti\u011fini s\u00f6yledi.<\/p>\n\n\n\n<p>\u00d6zellikle 12.00-17.00 saatleri aras\u0131nda etkili olan s\u0131cakl\u0131\u011f\u0131n tehlikeli oldu\u011funu ifade eden Akg\u00fcl, g\u00fcne\u015f \u0131\u015f\u0131nlar\u0131n\u0131n dik geldi\u011fi saatlerde ise daha da dikkatli olunmas\u0131 gerekti\u011fini belirtti.<\/p>\n\n\n\n<p>Akg\u00fcl, \u201cAfrika\u2019dan gelen bir s\u0131cak hava dalgas\u0131 var ancak as\u0131l ya\u015fad\u0131\u011f\u0131m\u0131z Basra\u2019dan gelen s\u0131cak hava. Basra\u2019dan gelen s\u0131cak hava Afrika\u2019n\u0131n da etkisiyle a\u015f\u0131r\u0131 kuru bir havaya d\u00f6n\u00fc\u015f\u00fcyor ve y\u00fcksek s\u0131cakl\u0131klar ya\u015f\u0131yoruz.\u201d diye konu\u015ftu.<\/p>\n","protected":false},"excerpt":{"rendered":"<p>T\u00fcrkiye&#8217;yi bir d\u00f6nem etkisi alt\u0131na alan &#8220;Eyyam-\u0131 bahur&#8221; ve &#8220;Afrika&#8221; s\u0131caklar\u0131n\u0131n T\u00fcrkiye\u2019yi terk etmesiyle Meteoroloji 15.&#46;&#46;&#46;<\/p>\n","protected":false},"author":2,"featured_media":8449,"comment_status":"open","ping_status":"open","sticky":false,"template":"","format":"standard","meta":{"inline_featured_image":false,"footnotes":""},"categories":[92],"tags":[2510,2509,2511,118,131,107],"manset":[],"class_list":["post-8447","post","type-post","status-publish","format-standard","has-post-thumbnail","hentry","category-yasam-haberleri","tag-afrikasicaklari","tag-basra-sicaklari","tag-guneydogu-alev-alev","tag-sanliurfa","tag-son-dakika","tag-ub"],"_links":{"self":[{"href":"https:\/\/www.urfabugun.com\/index.php\/wp-json\/wp\/v2\/posts\/8447","targetHints":{"allow":["GET"]}}],"collection":[{"href":"https:\/\/www.urfabugun.com\/index.php\/wp-json\/wp\/v2\/posts"}],"about":[{"href":"https:\/\/www.urfabugun.com\/index.php\/wp-json\/wp\/v2\/types\/post"}],"author":[{"embeddable":true,"href":"https:\/\/www.urfabugun.com\/index.php\/wp-json\/wp\/v2\/users\/2"}],"replies":[{"embeddable":true,"href":"https:\/\/www.urfabugun.com\/index.php\/wp-json\/wp\/v2\/comments?post=8447"}],"version-history":[{"count":0,"href":"https:\/\/www.urfabugun.com\/index.php\/wp-json\/wp\/v2\/posts\/8447\/revisions"}],"wp:featuredmedia":[{"embeddable":true,"href":"https:\/\/www.urfabugun.com\/index.php\/wp-json\/wp\/v2\/media\/8449"}],"wp:attachment":[{"href":"https:\/\/www.urfabugun.com\/index.php\/wp-json\/wp\/v2\/media?parent=8447"}],"wp:term":[{"taxonomy":"category","embeddable":true,"href":"https:\/\/www.urfabugun.com\/index.php\/wp-json\/wp\/v2\/categories?post=8447"},{"taxonomy":"post_tag","embeddable":true,"href":"https:\/\/www.urfabugun.com\/index.php\/wp-json\/wp\/v2\/tags?post=8447"},{"taxonomy":"manset","embeddable":true,"href":"https:\/\/www.urfabugun.com\/index.php\/wp-json\/wp\/v2\/manset?post=8447"}],"curies":[{"name":"wp","href":"https:\/\/api.w.org\/{rel}","templated":true}]}}