{"id":8463,"date":"2023-08-10T01:00:03","date_gmt":"2023-08-09T22:00:03","guid":{"rendered":"https:\/\/www.urfabugun.com\/?p=8463"},"modified":"2023-08-10T01:01:06","modified_gmt":"2023-08-09T22:01:06","slug":"sanliurfa-valisi-degisti-yeni-vali-belli-oldu","status":"publish","type":"post","link":"https:\/\/www.urfabugun.com\/index.php\/2023\/08\/10\/sanliurfa-valisi-degisti-yeni-vali-belli-oldu\/","title":{"rendered":"\u015eanl\u0131urfa Valisi De\u011fi\u015fti: Yeni Vali Belli Oldu!"},"content":{"rendered":"\n<p><\/p>\n\n\n\n<p><strong>Cumhurba\u015fkan\u0131 Recep Tayyip Erdo\u011fan&#8217;\u0131n imzas\u0131yla Resmi Gazete&#8217;de yay\u0131mlanan atama karar\u0131na g\u00f6re \u015eanl\u0131urfa Valili\u011fine Salih Ayhan\u2019\u0131n yerine, Bal\u0131kesir Valisi Hasan \u015e\u0131ldak atand\u0131.<\/strong><\/p>\n\n\n\n<p>Cumhurba\u015fkan\u0131 Recep Tayyip Erdo\u011fan&#8217;\u0131n imzas\u0131n\u0131 ta\u015f\u0131yan Valililer Kararnamesi bug\u00fcnk\u00fc Resmi Gazete&#8217;de yay\u0131mland\u0131. Valiler Kararnamesi&#8217;yle birlikte \u015eanl\u0131urfa Valisi Salih Ayhan merkeze \u00e7ekilirken, \u015eanl\u0131urfa Valisi olarak Hasan \u015e\u0131ldak atand\u0131.<\/p>\n","protected":false},"excerpt":{"rendered":"<p>Cumhurba\u015fkan\u0131 Recep Tayyip Erdo\u011fan&#8217;\u0131n imzas\u0131yla Resmi Gazete&#8217;de yay\u0131mlanan atama karar\u0131na g\u00f6re \u015eanl\u0131urfa Valili\u011fine Salih Ayhan\u2019\u0131n yerine,&#46;&#46;&#46;<\/p>\n","protected":false},"author":2,"featured_media":8465,"comment_status":"open","ping_status":"open","sticky":false,"template":"","format":"standard","meta":{"inline_featured_image":false,"footnotes":""},"categories":[82],"tags":[2518,562,241,118,2519,131,608],"manset":[],"class_list":["post-8463","post","type-post","status-publish","format-standard","has-post-thumbnail","hentry","category-gundem-haberleri","tag-hasan-sildak","tag-resmi-gazete","tag-salih-ayhan","tag-sanliurfa","tag-sanliurfa-valisi-degisti","tag-son-dakika","tag-urfa-bugun"],"_links":{"self":[{"href":"https:\/\/www.urfabugun.com\/index.php\/wp-json\/wp\/v2\/posts\/8463","targetHints":{"allow":["GET"]}}],"collection":[{"href":"https:\/\/www.urfabugun.com\/index.php\/wp-json\/wp\/v2\/posts"}],"about":[{"href":"https:\/\/www.urfabugun.com\/index.php\/wp-json\/wp\/v2\/types\/post"}],"author":[{"embeddable":true,"href":"https:\/\/www.urfabugun.com\/index.php\/wp-json\/wp\/v2\/users\/2"}],"replies":[{"embeddable":true,"href":"https:\/\/www.urfabugun.com\/index.php\/wp-json\/wp\/v2\/comments?post=8463"}],"version-history":[{"count":0,"href":"https:\/\/www.urfabugun.com\/index.php\/wp-json\/wp\/v2\/posts\/8463\/revisions"}],"wp:featuredmedia":[{"embeddable":true,"href":"https:\/\/www.urfabugun.com\/index.php\/wp-json\/wp\/v2\/media\/8465"}],"wp:attachment":[{"href":"https:\/\/www.urfabugun.com\/index.php\/wp-json\/wp\/v2\/media?parent=8463"}],"wp:term":[{"taxonomy":"category","embeddable":true,"href":"https:\/\/www.urfabugun.com\/index.php\/wp-json\/wp\/v2\/categories?post=8463"},{"taxonomy":"post_tag","embeddable":true,"href":"https:\/\/www.urfabugun.com\/index.php\/wp-json\/wp\/v2\/tags?post=8463"},{"taxonomy":"manset","embeddable":true,"href":"https:\/\/www.urfabugun.com\/index.php\/wp-json\/wp\/v2\/manset?post=8463"}],"curies":[{"name":"wp","href":"https:\/\/api.w.org\/{rel}","templated":true}]}}