{"id":8476,"date":"2023-08-10T09:27:04","date_gmt":"2023-08-10T06:27:04","guid":{"rendered":"https:\/\/www.urfabugun.com\/?p=8476"},"modified":"2023-08-10T09:27:51","modified_gmt":"2023-08-10T06:27:51","slug":"sanliurfada-zincirleme-trafik-kazasi-3-kisi-oldu-11-kisi-yaralandi","status":"publish","type":"post","link":"https:\/\/www.urfabugun.com\/index.php\/2023\/08\/10\/sanliurfada-zincirleme-trafik-kazasi-3-kisi-oldu-11-kisi-yaralandi\/","title":{"rendered":"\u015eanl\u0131urfa\u2019da Zincirleme Trafik Kazas\u0131: 3 Ki\u015fi \u00d6ld\u00fc, 11 Ki\u015fi Yaraland\u0131!"},"content":{"rendered":"\n<p><\/p>\n\n\n\n<p><strong>\u015eanl\u0131urfa&#8217;n\u0131n Siverek il\u00e7esinde 3 arac\u0131n kar\u0131\u015ft\u0131\u011f\u0131 trafik kazas\u0131nda 3 ki\u015fi hayat\u0131n\u0131 kaybetti, 11 ki\u015fi yaraland\u0131.<\/strong><\/p>\n\n\n\n<p>Murat Kaya&#8217;n\u0131n (34) kulland\u0131\u011f\u0131 33 NRR 84 plakal\u0131 hafif ticari ara\u00e7, S\u00fcleyman \u00d6zcan (34) idaresindeki 21 VG 118 plakal\u0131 minib\u00fcs ile s\u00fcr\u00fcc\u00fcs\u00fc hen\u00fcz belirlenemeyen 01 APP 900 plakal\u0131 hafif ticari ara\u00e7, Siverek-Diyarbak\u0131r kara yolunun 15&#8217;inci kilometresinde \u00e7arp\u0131\u015ft\u0131.<\/p>\n\n\n\n<figure class=\"wp-block-gallery has-nested-images columns-default is-cropped wp-block-gallery-1 is-layout-flex wp-block-gallery-is-layout-flex\">\n<figure class=\"wp-block-image size-large\"><img loading=\"lazy\" decoding=\"async\" width=\"1024\" height=\"683\" data-id=\"8479\" src=\"https:\/\/www.urfabugun.com\/wp-content\/uploads\/2023\/08\/AA-20230809-31886058-31886053-SANLIURFADA_3_ARACIN_KARISTIGI_KAZADA_3_KISI_OLDU_11_KISI_YARALANDI-1024x683.jpg\" alt=\"\" class=\"wp-image-8479\"\/><figcaption class=\"wp-element-caption\">\u015eanl\u0131urfa&#8217;n\u0131n Siverek il\u00e7esinde 3 arac\u0131n kar\u0131\u015ft\u0131\u011f\u0131 trafik kazas\u0131nda 3 ki\u015fi hayat\u0131n\u0131 kaybetti, 11 ki\u015fi yaraland\u0131. ( Cuma Sar\u0131 &#8211; Anadolu Ajans\u0131 )<\/figcaption><\/figure>\n<\/figure>\n\n\n\n<p>\u0130hbar \u00fczerine b\u00f6lgeye \u00e7ok say\u0131da sa\u011fl\u0131k, itfaiye ve jandarma ekibi sevk edildi.<\/p>\n\n\n\n<p>Kazada, Do\u011fukan (27) ve Recep Karaaslan (26) olay yerinde, s\u00fcr\u00fcc\u00fc Murat Kaya ise 112 Acil Sa\u011fl\u0131k ekiplerince kald\u0131r\u0131ld\u0131\u011f\u0131 Siverek Devlet Hastanesi&#8217;nde hayat\u0131n\u0131 kaybetti.<\/p>\n\n\n\n<p>Yaralanan S\u00fcleyman (34), Ha\u015fiya (33), Mariye (16), Ahmet Ebrar (12), Rana (3), Hacera (39), Sara (10), Havva (12), Hasiye (3), Belk\u0131z (13) ve Meryem Erma \u00d6zcan (6) ambulanslarla Siverek Devlet Hastanesi&#8217;ne kald\u0131r\u0131ld\u0131.<\/p>\n\n\n\n<p>Minib\u00fcstekilerin Siirt&#8217;ten Gaziantep&#8217;e d\u00fc\u011f\u00fcne gittikleri \u00f6\u011frenildi.<\/p>\n","protected":false},"excerpt":{"rendered":"<p>\u015eanl\u0131urfa&#8217;n\u0131n Siverek il\u00e7esinde 3 arac\u0131n kar\u0131\u015ft\u0131\u011f\u0131 trafik kazas\u0131nda 3 ki\u015fi hayat\u0131n\u0131 kaybetti, 11 ki\u015fi yaraland\u0131. Murat&#46;&#46;&#46;<\/p>\n","protected":false},"author":2,"featured_media":8478,"comment_status":"open","ping_status":"open","sticky":false,"template":"","format":"standard","meta":{"inline_featured_image":false,"footnotes":""},"categories":[75],"tags":[2523,228,2522,335,107],"manset":[],"class_list":["post-8476","post","type-post","status-publish","format-standard","has-post-thumbnail","hentry","category-asayis-haberleri","tag-11-kisi-yaralandi","tag-kaza","tag-sanliurfada-zincirleme-trafik-kazasi-3-kisi-oldu","tag-siverek","tag-ub"],"_links":{"self":[{"href":"https:\/\/www.urfabugun.com\/index.php\/wp-json\/wp\/v2\/posts\/8476","targetHints":{"allow":["GET"]}}],"collection":[{"href":"https:\/\/www.urfabugun.com\/index.php\/wp-json\/wp\/v2\/posts"}],"about":[{"href":"https:\/\/www.urfabugun.com\/index.php\/wp-json\/wp\/v2\/types\/post"}],"author":[{"embeddable":true,"href":"https:\/\/www.urfabugun.com\/index.php\/wp-json\/wp\/v2\/users\/2"}],"replies":[{"embeddable":true,"href":"https:\/\/www.urfabugun.com\/index.php\/wp-json\/wp\/v2\/comments?post=8476"}],"version-history":[{"count":0,"href":"https:\/\/www.urfabugun.com\/index.php\/wp-json\/wp\/v2\/posts\/8476\/revisions"}],"wp:featuredmedia":[{"embeddable":true,"href":"https:\/\/www.urfabugun.com\/index.php\/wp-json\/wp\/v2\/media\/8478"}],"wp:attachment":[{"href":"https:\/\/www.urfabugun.com\/index.php\/wp-json\/wp\/v2\/media?parent=8476"}],"wp:term":[{"taxonomy":"category","embeddable":true,"href":"https:\/\/www.urfabugun.com\/index.php\/wp-json\/wp\/v2\/categories?post=8476"},{"taxonomy":"post_tag","embeddable":true,"href":"https:\/\/www.urfabugun.com\/index.php\/wp-json\/wp\/v2\/tags?post=8476"},{"taxonomy":"manset","embeddable":true,"href":"https:\/\/www.urfabugun.com\/index.php\/wp-json\/wp\/v2\/manset?post=8476"}],"curies":[{"name":"wp","href":"https:\/\/api.w.org\/{rel}","templated":true}]}}