{"id":8486,"date":"2023-08-10T11:02:34","date_gmt":"2023-08-10T08:02:34","guid":{"rendered":"https:\/\/www.urfabugun.com\/?p=8486"},"modified":"2023-08-10T11:02:40","modified_gmt":"2023-08-10T08:02:40","slug":"turkiyedeki-issiz-sayisi-3-milyon-337-bine-yukseldi","status":"publish","type":"post","link":"https:\/\/www.urfabugun.com\/index.php\/2023\/08\/10\/turkiyedeki-issiz-sayisi-3-milyon-337-bine-yukseldi\/","title":{"rendered":"T\u00fcrkiye&#8217;deki \u0130\u015fsiz Say\u0131s\u0131 3 Milyon 337 Bine Y\u00fckseldi!"},"content":{"rendered":"\n<p><\/p>\n\n\n\n<p><strong>T\u00fcrkiye&#8217;deki i\u015fsiz say\u0131s\u0131 Haziranda 2 bin ki\u015fi artarak 3 milyon 337 bin oldu. \u0130\u015fsizlik oran\u0131 ise y\u00fczde 9,6 seviyesine y\u00fckseldi.<\/strong><\/p>\n\n\n\n<p>T\u00fcrkiye \u0130statistik Kurumu (T\u00dc\u0130K) ili\u015fkin i\u015fg\u00fcc\u00fc istatistiklerini a\u00e7\u0131klad\u0131. Buna g\u00f6re, 15 ve daha yukar\u0131 ya\u015ftaki ki\u015filerde i\u015fsiz say\u0131s\u0131 2023 y\u0131l\u0131 Haziran ay\u0131nda bir \u00f6nceki aya g\u00f6re 2 bin ki\u015fi artarak 3 milyon 337 bin ki\u015fi oldu.<\/p>\n\n\n\n<p><strong>\u0130\u015eS\u0130ZL\u0130K ORANI KADINLARDA DAHA Y\u00dcKSEK<\/strong><\/p>\n\n\n\n<p>\u0130\u015fsizlik oran\u0131 ise 0,1 puan artarak %9,6 seviyesinde ger\u00e7ekle\u015fti. \u0130\u015fsizlik oran\u0131 erkeklerde %7,8 iken kad\u0131nlarda %13,2 olarak tahmin edildi.<\/p>\n\n\n\n<p><strong>\u0130ST\u0130HDAM ORANI %47,8 OLDU<\/strong><\/p>\n\n\n\n<p>\u0130stihdam edilenlerin say\u0131s\u0131 2023 y\u0131l\u0131 Haziran ay\u0131nda bir \u00f6nceki aya g\u00f6re 363 bin ki\u015fi azalarak 31 milyon 291 bin ki\u015fi, istihdam oran\u0131 ise 0,6 puan azalarak %47,8 oldu. Bu oran erkeklerde %65,2 iken kad\u0131nlarda %30,8 olarak ger\u00e7ekle\u015fti.<\/p>\n\n\n\n<p><strong>\u0130\u015eG\u00dcC\u00dcNE KATILMA ORANI Y\u00dcZDE 52,9<\/strong><\/p>\n\n\n\n<p>\u0130\u015fg\u00fcc\u00fc 2023 y\u0131l\u0131 Haziran ay\u0131nda bir \u00f6nceki aya g\u00f6re 359 bin ki\u015fi azalarak 34 milyon 629 bin ki\u015fi, i\u015fg\u00fcc\u00fcne kat\u0131lma oran\u0131 ise 0,6 puan azalarak %52,9 olarak ger\u00e7ekle\u015fti. \u0130\u015fg\u00fcc\u00fcne kat\u0131lma oran\u0131 erkeklerde %70,7 iken kad\u0131nlarda %35,5 oldu.<\/p>\n\n\n\n<p><strong>GEN\u00c7 N\u00dcFUSTA \u0130\u015eS\u0130ZL\u0130K ORANI Y\u00dcZDE 18,6<\/strong><\/p>\n\n\n\n<p>15-24 ya\u015f grubunu kapsayan gen\u00e7 n\u00fcfusta i\u015fsizlik oran\u0131 bir \u00f6nceki aya g\u00f6re 1,2 puanl\u0131k art\u0131\u015f ile %18,6 oldu. Bu ya\u015f grubunda i\u015fsizlik oran\u0131; erkeklerde %15,4, kad\u0131nlarda ise %24,2 olarak tahmin edildi.<\/p>\n","protected":false},"excerpt":{"rendered":"<p>T\u00fcrkiye&#8217;deki i\u015fsiz say\u0131s\u0131 Haziranda 2 bin ki\u015fi artarak 3 milyon 337 bin oldu. \u0130\u015fsizlik oran\u0131 ise&#46;&#46;&#46;<\/p>\n","protected":false},"author":2,"featured_media":8488,"comment_status":"open","ping_status":"open","sticky":false,"template":"","format":"standard","meta":{"inline_featured_image":false,"footnotes":""},"categories":[80],"tags":[118,359,2526,107],"manset":[],"class_list":["post-8486","post","type-post","status-publish","format-standard","has-post-thumbnail","hentry","category-ekonomi-haberleri","tag-sanliurfa","tag-tuik","tag-turkiyedeki-issiz-sayisi-3-milyon-337-bine-yukseldi","tag-ub"],"_links":{"self":[{"href":"https:\/\/www.urfabugun.com\/index.php\/wp-json\/wp\/v2\/posts\/8486","targetHints":{"allow":["GET"]}}],"collection":[{"href":"https:\/\/www.urfabugun.com\/index.php\/wp-json\/wp\/v2\/posts"}],"about":[{"href":"https:\/\/www.urfabugun.com\/index.php\/wp-json\/wp\/v2\/types\/post"}],"author":[{"embeddable":true,"href":"https:\/\/www.urfabugun.com\/index.php\/wp-json\/wp\/v2\/users\/2"}],"replies":[{"embeddable":true,"href":"https:\/\/www.urfabugun.com\/index.php\/wp-json\/wp\/v2\/comments?post=8486"}],"version-history":[{"count":0,"href":"https:\/\/www.urfabugun.com\/index.php\/wp-json\/wp\/v2\/posts\/8486\/revisions"}],"wp:featuredmedia":[{"embeddable":true,"href":"https:\/\/www.urfabugun.com\/index.php\/wp-json\/wp\/v2\/media\/8488"}],"wp:attachment":[{"href":"https:\/\/www.urfabugun.com\/index.php\/wp-json\/wp\/v2\/media?parent=8486"}],"wp:term":[{"taxonomy":"category","embeddable":true,"href":"https:\/\/www.urfabugun.com\/index.php\/wp-json\/wp\/v2\/categories?post=8486"},{"taxonomy":"post_tag","embeddable":true,"href":"https:\/\/www.urfabugun.com\/index.php\/wp-json\/wp\/v2\/tags?post=8486"},{"taxonomy":"manset","embeddable":true,"href":"https:\/\/www.urfabugun.com\/index.php\/wp-json\/wp\/v2\/manset?post=8486"}],"curies":[{"name":"wp","href":"https:\/\/api.w.org\/{rel}","templated":true}]}}