{"id":8490,"date":"2023-08-10T11:16:04","date_gmt":"2023-08-10T08:16:04","guid":{"rendered":"https:\/\/www.urfabugun.com\/?p=8490"},"modified":"2023-08-10T11:16:44","modified_gmt":"2023-08-10T08:16:44","slug":"feci-kaza-unlu-sarkicinin-araci-tirin-altin-girdi","status":"publish","type":"post","link":"https:\/\/www.urfabugun.com\/index.php\/2023\/08\/10\/feci-kaza-unlu-sarkicinin-araci-tirin-altin-girdi\/","title":{"rendered":"Feci Kaza: \u00dcnl\u00fc \u015eark\u0131c\u0131n\u0131n Arac\u0131 T\u0131r\u0131n Alt\u0131n Girdi!"},"content":{"rendered":"\n<p><\/p>\n\n\n\n<p><strong>Ba\u015far\u0131l\u0131 \u015fark\u0131c\u0131 Tan Ta\u015f\u00e7\u0131 ve menajeri Burdur&#8217;un Bucak il\u00e7esinde trafik kazas\u0131 ge\u00e7irdi. Yaralanarak hastaneye kald\u0131r\u0131lan \u015fark\u0131c\u0131 ve menajerinin hayati tehlikesi bulunmazken hastanedeki tedavileri devam ediyor.<\/strong><\/p>\n\n\n\n<p>G\u00fc\u00e7l\u00fc sesi ve yorumuyla geni\u015f bir hayran kitlesine ula\u015fan ba\u015far\u0131l\u0131 \u015fark\u0131c\u0131 Tan Ta\u015f\u00e7\u0131 ve menajeri Ecmel Kayahan, Burdur&#8217;un Bucak il\u00e7esinde kaza ge\u00e7irdi. T\u0131rla \u00e7arp\u0131\u015fan cipteki \u015fark\u0131c\u0131 Tan Ta\u015f\u00e7\u0131, menajeri ve yanlar\u0131ndaki bir ki\u015fi yaraland\u0131.<\/p>\n\n\n\n<p><strong>HASTANEYE KALDIRILDILAR<\/strong><\/p>\n\n\n\n<p>Ecmel Kayahan (38) idaresindeki 34 GPK 636 plakal\u0131 cip, Bucak- Antalya kara yolu B\u00f6lge Trafik Denetleme \u0130stasyonu yak\u0131n\u0131nda ayn\u0131 istikamette ilerleyen Murat Bedir y\u00f6netimindeki 15 NK 616 plakal\u0131 t\u0131rla \u00e7arp\u0131\u015ft\u0131. \u0130hbar \u00fczerine kaza yerine 112 Acil Sa\u011fl\u0131k, polis ve itfaiye ekipleri sevk edildi. Kazada yaralanan cipteki \u015fark\u0131c\u0131 Tan Ta\u015f\u00e7\u0131, menajeri oldu\u011fu \u00f6\u011frenilen Ecmel Kayahan ve yanlar\u0131ndaki Mahmut Emre sa\u011fl\u0131k ekiplerince Bucak Devlet Hastanesi&#8217;ne kald\u0131r\u0131ld\u0131.<\/p>\n\n\n\n<p>Hayati tehlikeleri olmad\u0131\u011f\u0131 belirtilen Ta\u015f\u00e7\u0131&#8217;n\u0131n ve di\u011fer iki ki\u015finin hastanede tedavilerinin s\u00fcrd\u00fc\u011f\u00fc \u00f6\u011frenildi.<\/p>\n","protected":false},"excerpt":{"rendered":"<p>Ba\u015far\u0131l\u0131 \u015fark\u0131c\u0131 Tan Ta\u015f\u00e7\u0131 ve menajeri Burdur&#8217;un Bucak il\u00e7esinde trafik kazas\u0131 ge\u00e7irdi. Yaralanarak hastaneye kald\u0131r\u0131lan \u015fark\u0131c\u0131&#46;&#46;&#46;<\/p>\n","protected":false},"author":2,"featured_media":8492,"comment_status":"open","ping_status":"open","sticky":false,"template":"","format":"standard","meta":{"inline_featured_image":false,"footnotes":""},"categories":[85],"tags":[228,131,2527,2528,107],"manset":[],"class_list":["post-8490","post","type-post","status-publish","format-standard","has-post-thumbnail","hentry","category-magazin-haberleri","tag-kaza","tag-son-dakika","tag-tan-tasci","tag-tan-tasci-trafik-kazasi-gecirdi","tag-ub"],"_links":{"self":[{"href":"https:\/\/www.urfabugun.com\/index.php\/wp-json\/wp\/v2\/posts\/8490","targetHints":{"allow":["GET"]}}],"collection":[{"href":"https:\/\/www.urfabugun.com\/index.php\/wp-json\/wp\/v2\/posts"}],"about":[{"href":"https:\/\/www.urfabugun.com\/index.php\/wp-json\/wp\/v2\/types\/post"}],"author":[{"embeddable":true,"href":"https:\/\/www.urfabugun.com\/index.php\/wp-json\/wp\/v2\/users\/2"}],"replies":[{"embeddable":true,"href":"https:\/\/www.urfabugun.com\/index.php\/wp-json\/wp\/v2\/comments?post=8490"}],"version-history":[{"count":0,"href":"https:\/\/www.urfabugun.com\/index.php\/wp-json\/wp\/v2\/posts\/8490\/revisions"}],"wp:featuredmedia":[{"embeddable":true,"href":"https:\/\/www.urfabugun.com\/index.php\/wp-json\/wp\/v2\/media\/8492"}],"wp:attachment":[{"href":"https:\/\/www.urfabugun.com\/index.php\/wp-json\/wp\/v2\/media?parent=8490"}],"wp:term":[{"taxonomy":"category","embeddable":true,"href":"https:\/\/www.urfabugun.com\/index.php\/wp-json\/wp\/v2\/categories?post=8490"},{"taxonomy":"post_tag","embeddable":true,"href":"https:\/\/www.urfabugun.com\/index.php\/wp-json\/wp\/v2\/tags?post=8490"},{"taxonomy":"manset","embeddable":true,"href":"https:\/\/www.urfabugun.com\/index.php\/wp-json\/wp\/v2\/manset?post=8490"}],"curies":[{"name":"wp","href":"https:\/\/api.w.org\/{rel}","templated":true}]}}