{"id":8494,"date":"2023-08-10T11:28:11","date_gmt":"2023-08-10T08:28:11","guid":{"rendered":"https:\/\/www.urfabugun.com\/?p=8494"},"modified":"2023-08-10T11:28:17","modified_gmt":"2023-08-10T08:28:17","slug":"yeni-sanliurfa-valisi-hasan-sildak-kimdir","status":"publish","type":"post","link":"https:\/\/www.urfabugun.com\/index.php\/2023\/08\/10\/yeni-sanliurfa-valisi-hasan-sildak-kimdir\/","title":{"rendered":"Yeni \u015eanl\u0131urfa Valisi Hasan \u015e\u0131ldak Kimdir?"},"content":{"rendered":"\n<p><\/p>\n\n\n\n<p><strong>Resmi Gazete&#8217;de Valiler Kararnamesi yay\u0131mland\u0131. \u015eanl\u0131urfa&#8217;ya Yeni Atanan \u015eanl\u0131urfa Valisi Hasan \u015e\u0131ldak Kimdir?<\/strong><\/p>\n\n\n\n<p>Cumhurba\u015fkan\u0131 Recep Tayyip Erdo\u011fan\u2019\u0131n imzas\u0131yla Resmi Gazete\u2019de yay\u0131mlanan Valiler Kararnamesi ile 57 ilin valisi de\u011fi\u015fti. Eski Bal\u0131kesir Valisi Hasan \u015e\u0131ldak Yeni \u015fanl\u0131urfa Valisi Olarak Atand\u0131.<\/p>\n\n\n\n<p><strong>HASAN \u015eILDAK K\u0130MD\u0130R?<\/strong><\/p>\n\n\n\n<p>Hasan \u015e\u0131ldak, 1969 y\u0131l\u0131nda \u00c7anakkale\u2019de d\u00fcnyaya geldi. \u0130lk ve orta e\u011fitimini \u00c7anakkale\u2019nin Ayvac\u0131k \u0130l\u00e7esinde tamamlad\u0131. 1991 y\u0131l\u0131nda Ankara \u00dcniversitesi Siyasal Bilgiler Fak\u00fcltesi Kamu Y\u00f6netimi B\u00f6l\u00fcm\u00fcnden mezun oldu.<\/p>\n\n\n\n<p>1994 y\u0131l\u0131nda \u00c7anakkale Kaymakam Aday\u0131 olarak m\u00fclki idare amirli\u011fi mesle\u011fine ba\u015flayan \u015e\u0131ldak, adayl\u0131k s\u00fcresi i\u00e7inde Denizli-\u00c7ardak ve \u00c7anakkale-Eceabat \u0130l\u00e7elerinde Kaymakam Vekili olarak g\u00f6revlendirildi.<\/p>\n\n\n\n<p>\u0130ngiltere\u2019de 8 ay s\u00fcreyle mesleki inceleme-ara\u015ft\u0131rma \u00e7al\u0131\u015fmalar\u0131na kat\u0131ld\u0131 ve dil e\u011fitimi ald\u0131. 83. D\u00f6nem Kaymakaml\u0131k Kursunu tamamlad\u0131ktan sonra, 1997-2007 y\u0131llar\u0131 aras\u0131nda s\u0131ras\u0131yla Antalya-\u0130brad\u0131 ile Kars-Selim Kaymakaml\u0131\u011f\u0131, Ad\u0131yaman Vali Yard\u0131mc\u0131l\u0131\u011f\u0131 ve Denizli-\u00c7al Kaymakaml\u0131\u011f\u0131 g\u00f6revlerinde bulundu. 2007 y\u0131l\u0131nda M\u00fclkiye M\u00fcfetti\u015fli\u011fine, 2010 y\u0131l\u0131nda da M\u00fclkiye Ba\u015fm\u00fcfetti\u015fli\u011fine atand\u0131.<\/p>\n\n\n\n<p>2011 y\u0131l\u0131nda T\u00fcrkiye ve Ortado\u011fu Amme \u0130daresi Enstit\u00fcs\u00fc Kamu Y\u00f6netimi Anabilim Dal\u0131ndan Y\u00fcksek Lisans derecesi ald\u0131. 2013 y\u0131l\u0131nda T\u00fcrkiye B\u00fcy\u00fck Millet Meclisi\u2019de, demokrasiye m\u00fcdahale eden darbe ve muht\u0131ralar\u0131n ara\u015ft\u0131r\u0131larak al\u0131nmas\u0131 gereken \u00f6nlemlerin belirlenmesi amac\u0131yla kurulan Meclis Ara\u015ft\u0131rmas\u0131 Komisyonunda g\u00f6revlendirildi. Daha sonra iki y\u0131l s\u00fcreyle G\u00f6\u00e7 \u0130daresi Genel M\u00fcd\u00fcrl\u00fc\u011f\u00fc\u2019n\u00fcn kurulu\u015fu a\u015famas\u0131nda kurumsal mevzuat\u0131n\u0131n haz\u0131rlanmas\u0131 ve ta\u015fra te\u015fkilat\u0131n\u0131n olu\u015fturulmas\u0131 \u00e7al\u0131\u015fmalar\u0131nda g\u00f6rev ald\u0131.<\/p>\n\n\n\n<p>2016-2017 y\u0131llar\u0131 aras\u0131nda \u0130\u00e7i\u015fleri Bakanl\u0131\u011f\u0131 M\u00fclkiye Tefti\u015f Kurulu Ba\u015fkan Yard\u0131mc\u0131l\u0131\u011f\u0131 g\u00f6revinde bulundu. 22 May\u0131s 2017 tarihinden itibaren ise Ba\u015fbakanl\u0131k b\u00fcnyesinde yer alan Ola\u011fan\u00fcst\u00fc Hal \u0130\u015flemleri \u0130nceleme Komisyonu \u00fcyesi olarak g\u00f6rev yapan \u015e\u0131ldak, 18 May\u0131s 2018 tarihli ve 30425 say\u0131l\u0131 Resmi Gazete\u2019de yay\u0131mlanan 2018\/11819 say\u0131l\u0131 Bakanlar Kurulu Karar\u0131 ile Burdur Valisi olarak atand\u0131.<\/p>\n\n\n\n<p>10 Haziran 2020 Valiler Kararnamesi ile Bal\u0131kesir Valili\u011fine atanan \u015e\u0131ldak evli ve iki \u00e7ocuk babas\u0131d\u0131r.<\/p>\n","protected":false},"excerpt":{"rendered":"<p>Resmi Gazete&#8217;de Valiler Kararnamesi yay\u0131mland\u0131. \u015eanl\u0131urfa&#8217;ya Yeni Atanan \u015eanl\u0131urfa Valisi Hasan \u015e\u0131ldak Kimdir? Cumhurba\u015fkan\u0131 Recep Tayyip&#46;&#46;&#46;<\/p>\n","protected":false},"author":2,"featured_media":8496,"comment_status":"open","ping_status":"open","sticky":false,"template":"","format":"standard","meta":{"inline_featured_image":false,"footnotes":""},"categories":[82],"tags":[2518,131,107,2529,2530],"manset":[],"class_list":["post-8494","post","type-post","status-publish","format-standard","has-post-thumbnail","hentry","category-gundem-haberleri","tag-hasan-sildak","tag-son-dakika","tag-ub","tag-vali","tag-yeni-sanliurfa-valisi-hasan-sildak-kimdir"],"_links":{"self":[{"href":"https:\/\/www.urfabugun.com\/index.php\/wp-json\/wp\/v2\/posts\/8494","targetHints":{"allow":["GET"]}}],"collection":[{"href":"https:\/\/www.urfabugun.com\/index.php\/wp-json\/wp\/v2\/posts"}],"about":[{"href":"https:\/\/www.urfabugun.com\/index.php\/wp-json\/wp\/v2\/types\/post"}],"author":[{"embeddable":true,"href":"https:\/\/www.urfabugun.com\/index.php\/wp-json\/wp\/v2\/users\/2"}],"replies":[{"embeddable":true,"href":"https:\/\/www.urfabugun.com\/index.php\/wp-json\/wp\/v2\/comments?post=8494"}],"version-history":[{"count":0,"href":"https:\/\/www.urfabugun.com\/index.php\/wp-json\/wp\/v2\/posts\/8494\/revisions"}],"wp:featuredmedia":[{"embeddable":true,"href":"https:\/\/www.urfabugun.com\/index.php\/wp-json\/wp\/v2\/media\/8496"}],"wp:attachment":[{"href":"https:\/\/www.urfabugun.com\/index.php\/wp-json\/wp\/v2\/media?parent=8494"}],"wp:term":[{"taxonomy":"category","embeddable":true,"href":"https:\/\/www.urfabugun.com\/index.php\/wp-json\/wp\/v2\/categories?post=8494"},{"taxonomy":"post_tag","embeddable":true,"href":"https:\/\/www.urfabugun.com\/index.php\/wp-json\/wp\/v2\/tags?post=8494"},{"taxonomy":"manset","embeddable":true,"href":"https:\/\/www.urfabugun.com\/index.php\/wp-json\/wp\/v2\/manset?post=8494"}],"curies":[{"name":"wp","href":"https:\/\/api.w.org\/{rel}","templated":true}]}}