{"id":8499,"date":"2023-08-10T12:38:24","date_gmt":"2023-08-10T09:38:24","guid":{"rendered":"https:\/\/www.urfabugun.com\/?p=8499"},"modified":"2023-08-10T12:38:30","modified_gmt":"2023-08-10T09:38:30","slug":"insanlik-tarihine-isik-tutan-karahantepede-2023-kazilari-basladi","status":"publish","type":"post","link":"https:\/\/www.urfabugun.com\/index.php\/2023\/08\/10\/insanlik-tarihine-isik-tutan-karahantepede-2023-kazilari-basladi\/","title":{"rendered":"\u0130nsanl\u0131k Tarihine I\u015f\u0131k Tutan Karahantepe&#8217;de 2023 Kaz\u0131lar\u0131 Ba\u015flad\u0131!"},"content":{"rendered":"\n<p><\/p>\n\n\n\n<p><strong>Neolitik d\u00f6nemin \u00f6nemli yerle\u015fimleri aras\u0131nda yer alan \u015eanl\u0131urfa&#8217;daki Karahantepe \u00d6ren Yeri&#8217;nde 3 ay s\u00fcrecek 2023 kaz\u0131 \u00e7al\u0131\u015fmalar\u0131 40 ki\u015filik ekiple ba\u015flad\u0131.<\/strong><\/p>\n\n\n\n<p>\u015eehir merkezine 46 kilometre mesafede bulunan Tek Tek Da\u011flar\u0131 Milli Park\u0131 i\u00e7indeki arkeolojik alanda 2017&#8217;de ba\u015flat\u0131lan kaz\u0131 \u00e7al\u0131\u015fmalar\u0131 s\u00fcr\u00fcyor.<\/p>\n\n\n\n<p>UNESCO D\u00fcnya Miras\u0131 Listesi&#8217;nde yer alan G\u00f6beklitepe&#8217;deki yap\u0131lara benzeyen ve ilk belirlemelere g\u00f6re neolitik d\u00f6neme ait &#8220;T&#8221; bi\u00e7iminde 250&#8217;nin \u00fczerinde dikili ta\u015f tespit edilen alandaki \u00e7al\u0131\u015fmalarda bu y\u0131l \u00f6nemli bulgular elde edilmesi hedefleniyor.<\/p>\n\n\n\n<figure class=\"wp-block-gallery has-nested-images columns-default is-cropped wp-block-gallery-1 is-layout-flex wp-block-gallery-is-layout-flex\">\n<figure class=\"wp-block-image\"><img decoding=\"async\" src=\"blob:https:\/\/www.urfabugun.com\/70b5e7a1-9c4c-4d5c-8b39-37d9d8c00389\" alt=\"\"\/><\/figure>\n<\/figure>\n\n\n\n<p>Kaz\u0131 Ba\u015fkan\u0131 Prof. Dr. Necmi Karul, tarihi 12 bin y\u0131l \u00f6ncesine dayanan Ta\u015f Tepeler Projesi \u00e7er\u00e7evesinde 2023 kaz\u0131 \u00e7al\u0131\u015fmalar\u0131na ba\u015flad\u0131klar\u0131n\u0131 s\u00f6yledi.<\/p>\n\n\n\n<figure class=\"wp-block-gallery has-nested-images columns-default is-cropped wp-block-gallery-2 is-layout-flex wp-block-gallery-is-layout-flex\">\n<figure class=\"wp-block-image\"><img decoding=\"async\" src=\"blob:https:\/\/www.urfabugun.com\/d8c85c6a-c15c-4db4-af45-eb6ece3440a8\" alt=\"\"\/><\/figure>\n<\/figure>\n\n\n\n<p>Bu y\u0131l \u00e7al\u0131\u015fmalara \u015eanl\u0131urfa Valili\u011fi ve kentteki belediyelerin \u00f6nemli destek verdi\u011fini anlatan Karul, \u015f\u00f6yle konu\u015ftu:<\/p>\n\n\n\n<p>&#8220;Bu durum, bizim olanaklar\u0131m\u0131z\u0131n artmas\u0131 anlam\u0131na da geliyor. B\u00f6ylelikle burada daha efektif \u00e7al\u0131\u015fma yapmam\u0131za olanak sa\u011flan\u0131yor. \u00c7al\u0131\u015fmalar\u0131m\u0131z yakla\u015f\u0131k 3 ay s\u00fcrecek. Planlamas\u0131n\u0131 yapt\u0131k ve bu Ta\u015f Tepeler Projesi&#8217;ndeki b\u00fct\u00fcn kaz\u0131lar i\u00e7in ge\u00e7erli. Karahantepe&#8217;de 40&#8217;a yak\u0131n ki\u015fi \u00e7al\u0131\u015f\u0131yor. Ta\u015f Tepelerin tamam\u0131nda ise bu say\u0131 70&#8217;i buluyor. Tabii bu s\u00fcrenin t\u00fcm\u00fc i\u00e7in ge\u00e7erli de\u011fil. Belirli d\u00f6nemlerde say\u0131m\u0131z azalacak, belli d\u00f6nemlerde artacak. Yaz aylar\u0131nda \u015eanl\u0131urfa&#8217;da bir arkeoloji grubunun, b\u00fcy\u00fck bir kalabal\u0131\u011f\u0131n, bilim insanlar\u0131n\u0131n bir araya geldi\u011fi ve bunun bir nevi \u00e7ok h\u0131zl\u0131, yo\u011fun, etkin bir bilgi \u00fcretiminin ger\u00e7ekle\u015fti\u011fi \u015feklinde yorumlamam\u0131z do\u011fru olur.&#8221;<\/p>\n\n\n\n<p>Karul, b\u00f6lgedeki kaz\u0131lar\u0131 \u00e7ok \u00f6nemsediklerine dikkati \u00e7ekerek, 12 bin y\u0131l \u00f6nceye uzanan ilk k\u00f6ylerdeki arkeolojik kaz\u0131lar\u0131n \u015eanl\u0131urfa\u2019n\u0131n uygarl\u0131k tarihine yapt\u0131\u011f\u0131 katk\u0131y\u0131 da g\u00f6zler \u00f6n\u00fcne sermesini \u00f6ng\u00f6rd\u00fcklerini kaydetti.<\/p>\n","protected":false},"excerpt":{"rendered":"<p>Neolitik d\u00f6nemin \u00f6nemli yerle\u015fimleri aras\u0131nda yer alan \u015eanl\u0131urfa&#8217;daki Karahantepe \u00d6ren Yeri&#8217;nde 3 ay s\u00fcrecek 2023 kaz\u0131&#46;&#46;&#46;<\/p>\n","protected":false},"author":2,"featured_media":8501,"comment_status":"open","ping_status":"open","sticky":false,"template":"","format":"standard","meta":{"inline_featured_image":false,"footnotes":""},"categories":[84],"tags":[954,118,131,107,608],"manset":[],"class_list":["post-8499","post","type-post","status-publish","format-standard","has-post-thumbnail","hentry","category-kultur-sanat-haberleri","tag-sanliurf","tag-sanliurfa","tag-son-dakika","tag-ub","tag-urfa-bugun"],"_links":{"self":[{"href":"https:\/\/www.urfabugun.com\/index.php\/wp-json\/wp\/v2\/posts\/8499","targetHints":{"allow":["GET"]}}],"collection":[{"href":"https:\/\/www.urfabugun.com\/index.php\/wp-json\/wp\/v2\/posts"}],"about":[{"href":"https:\/\/www.urfabugun.com\/index.php\/wp-json\/wp\/v2\/types\/post"}],"author":[{"embeddable":true,"href":"https:\/\/www.urfabugun.com\/index.php\/wp-json\/wp\/v2\/users\/2"}],"replies":[{"embeddable":true,"href":"https:\/\/www.urfabugun.com\/index.php\/wp-json\/wp\/v2\/comments?post=8499"}],"version-history":[{"count":0,"href":"https:\/\/www.urfabugun.com\/index.php\/wp-json\/wp\/v2\/posts\/8499\/revisions"}],"wp:featuredmedia":[{"embeddable":true,"href":"https:\/\/www.urfabugun.com\/index.php\/wp-json\/wp\/v2\/media\/8501"}],"wp:attachment":[{"href":"https:\/\/www.urfabugun.com\/index.php\/wp-json\/wp\/v2\/media?parent=8499"}],"wp:term":[{"taxonomy":"category","embeddable":true,"href":"https:\/\/www.urfabugun.com\/index.php\/wp-json\/wp\/v2\/categories?post=8499"},{"taxonomy":"post_tag","embeddable":true,"href":"https:\/\/www.urfabugun.com\/index.php\/wp-json\/wp\/v2\/tags?post=8499"},{"taxonomy":"manset","embeddable":true,"href":"https:\/\/www.urfabugun.com\/index.php\/wp-json\/wp\/v2\/manset?post=8499"}],"curies":[{"name":"wp","href":"https:\/\/api.w.org\/{rel}","templated":true}]}}