{"id":8504,"date":"2023-08-10T14:02:22","date_gmt":"2023-08-10T11:02:22","guid":{"rendered":"https:\/\/www.urfabugun.com\/?p=8504"},"modified":"2023-08-10T14:02:29","modified_gmt":"2023-08-10T11:02:29","slug":"vekil-onen-il-baskani-delioglunu-makaminda-ziyaret-etti","status":"publish","type":"post","link":"https:\/\/www.urfabugun.com\/index.php\/2023\/08\/10\/vekil-onen-il-baskani-delioglunu-makaminda-ziyaret-etti\/","title":{"rendered":"Vekil \u00d6nen, \u0130l Ba\u015fkan\u0131 Delio\u011flu\u2019nu Makam\u0131nda Ziyaret Etti!\u00a0"},"content":{"rendered":"\n<p><\/p>\n\n\n\n<p><strong>AK Parti \u015eanl\u0131urfa Milletvekili ve TBMM APA Ba\u015fkan\u0131 Abd\u00fclkadir Emin \u00d6nen, Ak Parti \u015eanl\u0131urfa \u0130l Ba\u015fkanl\u0131\u011f\u0131 g\u00f6revine atanan Ali \u0130hsan Delio\u011flu&#8217;nu makam\u0131nda ziyaret ederek hay\u0131rl\u0131 olsun dileklerini iletti.<\/strong><\/p>\n\n\n\n<p>Ziyaret sonras\u0131nda a\u00e7\u0131klamalarda bulunan \u00d6nen, Delio\u011flu&#8217;nun gen\u00e7 ve dinamik ki\u015fili\u011fiyle partiye \u00f6nemli katk\u0131lar sunaca\u011f\u0131n\u0131 belirtti. Delio\u011flu&#8217;nun tecr\u00fcbe ve birikiminin, il te\u015fkilat\u0131yla uyumlu \u00e7al\u0131\u015fmas\u0131na imkan tan\u0131yaca\u011f\u0131n\u0131 kaydeden \u00d6nen, kendisinin \u015eanl\u0131urfa i\u00e7in \u00f6nemli hizmetler yapaca\u011f\u0131na inand\u0131\u011f\u0131n\u0131 ifade etti.<\/p>\n\n\n\n<figure class=\"wp-block-image size-large\"><img loading=\"lazy\" decoding=\"async\" width=\"1024\" height=\"683\" src=\"https:\/\/www.urfabugun.com\/wp-content\/uploads\/2023\/08\/c7fe393d-dca3-40a9-bd6d-472d94441d65-1024x683.jpeg\" alt=\"\" class=\"wp-image-8507\"\/><\/figure>\n\n\n\n<p>\u00d6nen ayr\u0131ca, il te\u015fkilat\u0131 olarak Delio\u011flu&#8217;nun \u00f6nderli\u011finde daha fazla \u00e7al\u0131\u015facaklar\u0131n\u0131 ve \u015eanl\u0131urfa i\u00e7in \u00fcreteceklerini vurgulad\u0131. AK Parti ailesinin bir ve beraber oldu\u011fu s\u00fcrece \u015eanl\u0131urfa&#8217;ya daha g\u00fczel hizmetler kazand\u0131rmaya devam edeceklerini aktaran \u00d6nen, Delio\u011flu&#8217;na g\u00f6revinde ba\u015far\u0131lar diledi\u011fini ve her zaman destek\u00e7isi olacaklar\u0131n\u0131 s\u00f6zlerine ekledi.<\/p>\n","protected":false},"excerpt":{"rendered":"<p>AK Parti \u015eanl\u0131urfa Milletvekili ve TBMM APA Ba\u015fkan\u0131 Abd\u00fclkadir Emin \u00d6nen, Ak Parti \u015eanl\u0131urfa \u0130l Ba\u015fkanl\u0131\u011f\u0131&#46;&#46;&#46;<\/p>\n","protected":false},"author":2,"featured_media":8506,"comment_status":"open","ping_status":"open","sticky":false,"template":"","format":"standard","meta":{"inline_featured_image":false,"footnotes":""},"categories":[82],"tags":[2532,2533,1252,2446,131,107,93],"manset":[],"class_list":["post-8504","post","type-post","status-publish","format-standard","has-post-thumbnail","hentry","category-gundem-haberleri","tag-abdulkadir-onen","tag-ak-parti-sanliurfa-il-baskani","tag-ali-ihsan-delioglu","tag-il-baskani","tag-son-dakika","tag-ub","tag-ust"],"_links":{"self":[{"href":"https:\/\/www.urfabugun.com\/index.php\/wp-json\/wp\/v2\/posts\/8504","targetHints":{"allow":["GET"]}}],"collection":[{"href":"https:\/\/www.urfabugun.com\/index.php\/wp-json\/wp\/v2\/posts"}],"about":[{"href":"https:\/\/www.urfabugun.com\/index.php\/wp-json\/wp\/v2\/types\/post"}],"author":[{"embeddable":true,"href":"https:\/\/www.urfabugun.com\/index.php\/wp-json\/wp\/v2\/users\/2"}],"replies":[{"embeddable":true,"href":"https:\/\/www.urfabugun.com\/index.php\/wp-json\/wp\/v2\/comments?post=8504"}],"version-history":[{"count":0,"href":"https:\/\/www.urfabugun.com\/index.php\/wp-json\/wp\/v2\/posts\/8504\/revisions"}],"wp:featuredmedia":[{"embeddable":true,"href":"https:\/\/www.urfabugun.com\/index.php\/wp-json\/wp\/v2\/media\/8506"}],"wp:attachment":[{"href":"https:\/\/www.urfabugun.com\/index.php\/wp-json\/wp\/v2\/media?parent=8504"}],"wp:term":[{"taxonomy":"category","embeddable":true,"href":"https:\/\/www.urfabugun.com\/index.php\/wp-json\/wp\/v2\/categories?post=8504"},{"taxonomy":"post_tag","embeddable":true,"href":"https:\/\/www.urfabugun.com\/index.php\/wp-json\/wp\/v2\/tags?post=8504"},{"taxonomy":"manset","embeddable":true,"href":"https:\/\/www.urfabugun.com\/index.php\/wp-json\/wp\/v2\/manset?post=8504"}],"curies":[{"name":"wp","href":"https:\/\/api.w.org\/{rel}","templated":true}]}}