{"id":8528,"date":"2023-08-11T16:50:41","date_gmt":"2023-08-11T13:50:41","guid":{"rendered":"https:\/\/www.urfabugun.com\/?p=8528"},"modified":"2023-08-11T16:50:47","modified_gmt":"2023-08-11T13:50:47","slug":"sanliurfada-3-kisinin-oldugu-kazada-minibus-surucusu-tutuklandi","status":"publish","type":"post","link":"https:\/\/www.urfabugun.com\/index.php\/2023\/08\/11\/sanliurfada-3-kisinin-oldugu-kazada-minibus-surucusu-tutuklandi\/","title":{"rendered":"\u015eanl\u0131urfa&#8217;da 3 Ki\u015finin \u00d6ld\u00fc\u011f\u00fc Kazada Minib\u00fcs S\u00fcr\u00fcc\u00fcs\u00fc Tutukland\u0131!"},"content":{"rendered":"\n<p><\/p>\n\n\n\n<p><strong>\u015eanl\u0131urfa&#8217;n\u0131n Siverek il\u00e7esinde 3 ki\u015finin \u00f6ld\u00fc\u011f\u00fc trafik kazas\u0131yla ilgili g\u00f6zalt\u0131na al\u0131nan minib\u00fcs s\u00fcr\u00fcc\u00fcs\u00fc tutukland\u0131.<\/strong><\/p>\n\n\n\n<p>D\u00fcn Siverek-Diyarbak\u0131r kara yolunun 15&#8217;inci kilometresinde 3 arac\u0131n kar\u0131\u015ft\u0131\u011f\u0131 ve 3 ki\u015finin hayat\u0131n\u0131 kaybetti\u011fi trafik kazas\u0131ndan yaral\u0131 kurtulan 21 VG 118 plakal\u0131 minib\u00fcs\u00fcn s\u00fcr\u00fcc\u00fcs\u00fc S\u00fcleyman \u00d6zcan&#8217;\u0131n (34), Siverek Devlet Hastanesi&#8217;ndeki tedavisi tamamland\u0131.<\/p>\n\n\n\n<p>G\u00f6zalt\u0131na al\u0131nan \u00d6zcan, jandarmadaki i\u015flemlerinin ard\u0131ndan \u00e7\u0131kar\u0131ld\u0131\u011f\u0131 hakimlik\u00e7e tutukland\u0131.<\/p>\n\n\n\n<p>\u015eanl\u0131urfa&#8217;n\u0131n Siverek il\u00e7esinde d\u00fcn 2 hafif ticari ara\u00e7 ve minib\u00fcs\u00fcn \u00e7arp\u0131\u015ft\u0131\u011f\u0131 kazada 3 ki\u015fi hayat\u0131n\u0131 kaybetmi\u015f, 11 ki\u015fi yaralanm\u0131\u015ft\u0131.<\/p>\n","protected":false},"excerpt":{"rendered":"<p>\u015eanl\u0131urfa&#8217;n\u0131n Siverek il\u00e7esinde 3 ki\u015finin \u00f6ld\u00fc\u011f\u00fc trafik kazas\u0131yla ilgili g\u00f6zalt\u0131na al\u0131nan minib\u00fcs s\u00fcr\u00fcc\u00fcs\u00fc tutukland\u0131. D\u00fcn Siverek-Diyarbak\u0131r&#46;&#46;&#46;<\/p>\n","protected":false},"author":2,"featured_media":8530,"comment_status":"open","ping_status":"open","sticky":false,"template":"","format":"standard","meta":{"inline_featured_image":false,"footnotes":""},"categories":[75],"tags":[228,2540,335,131,2541,107],"manset":[],"class_list":["post-8528","post","type-post","status-publish","format-standard","has-post-thumbnail","hentry","category-asayis-haberleri","tag-kaza","tag-sanliurfada-3-kisinin-oldugu-kazada-minibus-surucusu-tutuklandi","tag-siverek","tag-son-dakika","tag-suleyman-ozcan","tag-ub"],"_links":{"self":[{"href":"https:\/\/www.urfabugun.com\/index.php\/wp-json\/wp\/v2\/posts\/8528","targetHints":{"allow":["GET"]}}],"collection":[{"href":"https:\/\/www.urfabugun.com\/index.php\/wp-json\/wp\/v2\/posts"}],"about":[{"href":"https:\/\/www.urfabugun.com\/index.php\/wp-json\/wp\/v2\/types\/post"}],"author":[{"embeddable":true,"href":"https:\/\/www.urfabugun.com\/index.php\/wp-json\/wp\/v2\/users\/2"}],"replies":[{"embeddable":true,"href":"https:\/\/www.urfabugun.com\/index.php\/wp-json\/wp\/v2\/comments?post=8528"}],"version-history":[{"count":0,"href":"https:\/\/www.urfabugun.com\/index.php\/wp-json\/wp\/v2\/posts\/8528\/revisions"}],"wp:featuredmedia":[{"embeddable":true,"href":"https:\/\/www.urfabugun.com\/index.php\/wp-json\/wp\/v2\/media\/8530"}],"wp:attachment":[{"href":"https:\/\/www.urfabugun.com\/index.php\/wp-json\/wp\/v2\/media?parent=8528"}],"wp:term":[{"taxonomy":"category","embeddable":true,"href":"https:\/\/www.urfabugun.com\/index.php\/wp-json\/wp\/v2\/categories?post=8528"},{"taxonomy":"post_tag","embeddable":true,"href":"https:\/\/www.urfabugun.com\/index.php\/wp-json\/wp\/v2\/tags?post=8528"},{"taxonomy":"manset","embeddable":true,"href":"https:\/\/www.urfabugun.com\/index.php\/wp-json\/wp\/v2\/manset?post=8528"}],"curies":[{"name":"wp","href":"https:\/\/api.w.org\/{rel}","templated":true}]}}