{"id":8532,"date":"2023-08-11T17:00:59","date_gmt":"2023-08-11T14:00:59","guid":{"rendered":"https:\/\/www.urfabugun.com\/?p=8532"},"modified":"2023-08-11T17:02:05","modified_gmt":"2023-08-11T14:02:05","slug":"haliliyede-hanimlar-konagi-acildi","status":"publish","type":"post","link":"https:\/\/www.urfabugun.com\/index.php\/2023\/08\/11\/haliliyede-hanimlar-konagi-acildi\/","title":{"rendered":"Haliliye\u2019de Han\u0131mlar Kona\u011f\u0131 A\u00e7\u0131ld\u0131!"},"content":{"rendered":"\n<p><\/p>\n\n\n\n<p><strong>Haliliye Belediyesince i\u00e7inde fitness salonu, ah\u015fap boyama, diki\u015f-nak\u0131\u015f ve trikotaj at\u00f6lyeleriyle kafeteryan\u0131n bulundu\u011fu Han\u0131mlar Kona\u011f\u0131 d\u00fczenlenen t\u00f6renle hizmete girdi.<\/strong><\/p>\n\n\n\n<p>Haliliye Belediye Ba\u015fkan\u0131 Mehmet Canpolat, Osman Gazi Mahallesinde a\u00e7\u0131l\u0131\u015f\u0131 ger\u00e7ekle\u015ftirilen Han\u0131mlar Kona\u011f\u0131n\u0131n t\u00fcm kad\u0131nlar i\u00e7in hay\u0131rl\u0131 olmas\u0131 temenni etti.<\/p>\n\n\n\n<p>Di\u011fer Han\u0131mlar Kona\u011f\u0131nda oldu\u011fu gibi burada da kad\u0131nlar\u0131n sportif faaliyetlerine devam edeceklerini ifade eden Canpolat, ayn\u0131 zamanda kad\u0131nlar\u0131n k\u00fclt\u00fcr anlam\u0131ndaki bulu\u015fmalar\u0131 ve yine kurs mahiyetindeki e\u011fitimlerini de buradan alacaklar\u0131n\u0131 belirtti.<\/p>\n\n\n\n<figure class=\"wp-block-gallery has-nested-images columns-default is-cropped wp-block-gallery-1 is-layout-flex wp-block-gallery-is-layout-flex\">\n<figure class=\"wp-block-image size-large\"><img loading=\"lazy\" decoding=\"async\" width=\"1024\" height=\"683\" data-id=\"8535\" src=\"https:\/\/www.urfabugun.com\/wp-content\/uploads\/2023\/08\/AA-20230811-31894383-31894382-SANLIURFADA_HANIMLAR_KONAGI_ACILDI-1024x683.jpg\" alt=\"\" class=\"wp-image-8535\"\/><figcaption class=\"wp-element-caption\">Haliliye Belediyesince i\u00e7inde fitness salonu, ah\u015fap boyama, diki\u015f-nak\u0131\u015f ve trikotaj at\u00f6lyeleriyle kafeteryan\u0131n bulundu\u011fu Han\u0131mlar Kona\u011f\u0131 d\u00fczenlenen t\u00f6renle hizmete girdi. ( M\u00fcsl\u00fcm Etg\u00fc &#8211; Anadolu Ajans\u0131 )<\/figcaption><\/figure>\n<\/figure>\n\n\n\n<p>APA T\u00fcrk Grubu Ba\u015fkan\u0131 ve AK Parti \u015eanl\u0131urfa Milletvekili Abdulkadir Emin \u00d6nen ise AK Parti&#8217;nin kad\u0131nlara \u00e7ok \u00f6nem veren bir parti oldu\u011funu belirterek, &#8220;Sizlerin deste\u011fi olmadan ger\u00e7ekten bizlerin bu i\u015fleri ger\u00e7ekle\u015ftirmesi \u00e7ok zor. O y\u00fczden say\u0131n ba\u015fkan\u0131m\u0131z\u0131 tebrik ediyorum. Hem sosyal anlamda sizlerin ihtiya\u00e7lar\u0131n\u0131 kar\u015f\u0131layacak, hem bo\u015f zamanlar\u0131n\u0131 de\u011ferlendirecek, hem de g\u00fczel vakitlerinizi ge\u00e7irebilecekleriniz bir yerin a\u00e7\u0131l\u0131\u015f\u0131na vesile olmak, burada birlikte olmak bizim i\u00e7in de \u00e7ok onur verici, gurur verici. Eme\u011fi ge\u00e7en t\u00fcm yetkili karde\u015flerime, ba\u015fta say\u0131n ba\u015fkan\u0131m olmak \u00fczere \u00e7ok te\u015fekk\u00fcr ediyorum.&#8221; diye konu\u015ftu.<\/p>\n","protected":false},"excerpt":{"rendered":"<p>Haliliye Belediyesince i\u00e7inde fitness salonu, ah\u015fap boyama, diki\u015f-nak\u0131\u015f ve trikotaj at\u00f6lyeleriyle kafeteryan\u0131n bulundu\u011fu Han\u0131mlar Kona\u011f\u0131 d\u00fczenlenen&#46;&#46;&#46;<\/p>\n","protected":false},"author":2,"featured_media":8534,"comment_status":"open","ping_status":"open","sticky":false,"template":"","format":"standard","meta":{"inline_featured_image":false,"footnotes":""},"categories":[1],"tags":[135,2542,136,131,107],"manset":[],"class_list":["post-8532","post","type-post","status-publish","format-standard","has-post-thumbnail","hentry","category-genel","tag-haliliye-belediyesi","tag-haliliyede-hanimlar-konagi-acildi","tag-mehmet-canpolat","tag-son-dakika","tag-ub"],"_links":{"self":[{"href":"https:\/\/www.urfabugun.com\/index.php\/wp-json\/wp\/v2\/posts\/8532","targetHints":{"allow":["GET"]}}],"collection":[{"href":"https:\/\/www.urfabugun.com\/index.php\/wp-json\/wp\/v2\/posts"}],"about":[{"href":"https:\/\/www.urfabugun.com\/index.php\/wp-json\/wp\/v2\/types\/post"}],"author":[{"embeddable":true,"href":"https:\/\/www.urfabugun.com\/index.php\/wp-json\/wp\/v2\/users\/2"}],"replies":[{"embeddable":true,"href":"https:\/\/www.urfabugun.com\/index.php\/wp-json\/wp\/v2\/comments?post=8532"}],"version-history":[{"count":0,"href":"https:\/\/www.urfabugun.com\/index.php\/wp-json\/wp\/v2\/posts\/8532\/revisions"}],"wp:featuredmedia":[{"embeddable":true,"href":"https:\/\/www.urfabugun.com\/index.php\/wp-json\/wp\/v2\/media\/8534"}],"wp:attachment":[{"href":"https:\/\/www.urfabugun.com\/index.php\/wp-json\/wp\/v2\/media?parent=8532"}],"wp:term":[{"taxonomy":"category","embeddable":true,"href":"https:\/\/www.urfabugun.com\/index.php\/wp-json\/wp\/v2\/categories?post=8532"},{"taxonomy":"post_tag","embeddable":true,"href":"https:\/\/www.urfabugun.com\/index.php\/wp-json\/wp\/v2\/tags?post=8532"},{"taxonomy":"manset","embeddable":true,"href":"https:\/\/www.urfabugun.com\/index.php\/wp-json\/wp\/v2\/manset?post=8532"}],"curies":[{"name":"wp","href":"https:\/\/api.w.org\/{rel}","templated":true}]}}