{"id":8547,"date":"2023-08-12T11:00:46","date_gmt":"2023-08-12T08:00:46","guid":{"rendered":"https:\/\/www.urfabugun.com\/?p=8547"},"modified":"2023-08-12T11:00:52","modified_gmt":"2023-08-12T08:00:52","slug":"tamer-karadagli-devlet-tiyatrolari-genel-muduru-oldu","status":"publish","type":"post","link":"https:\/\/www.urfabugun.com\/index.php\/2023\/08\/12\/tamer-karadagli-devlet-tiyatrolari-genel-muduru-oldu\/","title":{"rendered":"Tamer Karada\u011fl\u0131, Devlet Tiyatrolar\u0131 Genel M\u00fcd\u00fcr\u00fc Oldu!"},"content":{"rendered":"\n<p><\/p>\n\n\n\n<p><strong>Resmi Gazete&#8217;de Cumhurba\u015fkan\u0131 Recep Tayyip Erdo\u011fan&#8217;\u0131n imzas\u0131yla yeni atama kararlar\u0131 yay\u0131mland\u0131. Karara g\u00f6re Tamer Karada\u011fl\u0131 Devlet Tiyatrolar\u0131 Genel M\u00fcd\u00fcr\u00fc oldu.<\/strong><\/p>\n\n\n\n<p>Cumhurba\u015fkan\u0131 Erdo\u011fan&#8217;\u0131n imzas\u0131yla Resmi Gazete&#8217;de yay\u0131mlanan kararla b\u00fcrokraside yeni atamalar yap\u0131ld\u0131. Karara g\u00f6re; Oyuncu Tamer Karada\u011fl\u0131 Devlet Tiyatrolar\u0131 Genel M\u00fcd\u00fcrl\u00fc\u011f\u00fc&#8217;ne atand\u0131.<\/p>\n\n\n\n<p><strong>&#8220;\u0130NANIYORUM K\u0130 \u00d6NEML\u0130 \u0130ZLER BIRAKACAK&#8221;<\/strong><\/p>\n\n\n\n<p>K\u00fclt\u00fcr ve Turizm Bakan Yard\u0131mc\u0131s\u0131 Dr. Batuhan Mumcu da sosyal medyadan yapt\u0131\u011f\u0131 payla\u015f\u0131mda &#8220;Cumhurba\u015fkan\u0131m\u0131z Say\u0131n Recep Tayyip Erdo\u011fan&#8217;\u0131n tensipleriyle, Bakanl\u0131\u011f\u0131m\u0131za Ara\u015ft\u0131rma ve E\u011fitim Genel M\u00fcd\u00fcr\u00fc olarak atanan yol arkada\u015f\u0131m, karde\u015fim Selim Terzi&#8217;yi ve Devlet Tiyatrolar\u0131 Genel M\u00fcd\u00fcrl\u00fc\u011f\u00fcne atanan Tamer Karada\u011fl\u0131&#8217;y\u0131 tebrik ediyor, yeni g\u00f6revlerinde ba\u015far\u0131lar diliyorum. \u0130nan\u0131yorum ki tiyatro sahnesinde \u00f6nemli izler b\u0131rakacak ve k\u00fclt\u00fcrel miras\u0131m\u0131za de\u011fer katacakt\u0131r&#8221; ifadelerine yer verdi.<\/p>\n","protected":false},"excerpt":{"rendered":"<p>Resmi Gazete&#8217;de Cumhurba\u015fkan\u0131 Recep Tayyip Erdo\u011fan&#8217;\u0131n imzas\u0131yla yeni atama kararlar\u0131 yay\u0131mland\u0131. Karara g\u00f6re Tamer Karada\u011fl\u0131 Devlet&#46;&#46;&#46;<\/p>\n","protected":false},"author":2,"featured_media":8549,"comment_status":"open","ping_status":"open","sticky":false,"template":"","format":"standard","meta":{"inline_featured_image":false,"footnotes":""},"categories":[85],"tags":[2546,1830,2545,107],"manset":[],"class_list":["post-8547","post","type-post","status-publish","format-standard","has-post-thumbnail","hentry","category-magazin-haberleri","tag-devlet-tiyatrolari-genel-muduru-oldu","tag-erdogan-2","tag-tamer-karadagli","tag-ub"],"_links":{"self":[{"href":"https:\/\/www.urfabugun.com\/index.php\/wp-json\/wp\/v2\/posts\/8547","targetHints":{"allow":["GET"]}}],"collection":[{"href":"https:\/\/www.urfabugun.com\/index.php\/wp-json\/wp\/v2\/posts"}],"about":[{"href":"https:\/\/www.urfabugun.com\/index.php\/wp-json\/wp\/v2\/types\/post"}],"author":[{"embeddable":true,"href":"https:\/\/www.urfabugun.com\/index.php\/wp-json\/wp\/v2\/users\/2"}],"replies":[{"embeddable":true,"href":"https:\/\/www.urfabugun.com\/index.php\/wp-json\/wp\/v2\/comments?post=8547"}],"version-history":[{"count":0,"href":"https:\/\/www.urfabugun.com\/index.php\/wp-json\/wp\/v2\/posts\/8547\/revisions"}],"wp:featuredmedia":[{"embeddable":true,"href":"https:\/\/www.urfabugun.com\/index.php\/wp-json\/wp\/v2\/media\/8549"}],"wp:attachment":[{"href":"https:\/\/www.urfabugun.com\/index.php\/wp-json\/wp\/v2\/media?parent=8547"}],"wp:term":[{"taxonomy":"category","embeddable":true,"href":"https:\/\/www.urfabugun.com\/index.php\/wp-json\/wp\/v2\/categories?post=8547"},{"taxonomy":"post_tag","embeddable":true,"href":"https:\/\/www.urfabugun.com\/index.php\/wp-json\/wp\/v2\/tags?post=8547"},{"taxonomy":"manset","embeddable":true,"href":"https:\/\/www.urfabugun.com\/index.php\/wp-json\/wp\/v2\/manset?post=8547"}],"curies":[{"name":"wp","href":"https:\/\/api.w.org\/{rel}","templated":true}]}}