{"id":8551,"date":"2023-08-12T16:50:05","date_gmt":"2023-08-12T13:50:05","guid":{"rendered":"https:\/\/www.urfabugun.com\/?p=8551"},"modified":"2023-08-12T16:50:14","modified_gmt":"2023-08-12T13:50:14","slug":"sanliurfada-korkutan-deprem-2","status":"publish","type":"post","link":"https:\/\/www.urfabugun.com\/index.php\/2023\/08\/12\/sanliurfada-korkutan-deprem-2\/","title":{"rendered":"\u015eanl\u0131urfa\u2019da Korkutan Deprem!"},"content":{"rendered":"\n<p><\/p>\n\n\n\n<p><strong>Saat 16:39\u2019dan Malatya merkezde 5.4 b\u00fcy\u00fckl\u00fc\u011f\u00fcnde deprem meydana geldi deprem \u015eanl\u0131urfadan da hissedildi.<\/strong><\/p>\n\n\n\n<p>Afet ve acil durum y\u00f6netimi Ba\u015fkanl\u0131\u011f\u0131n\u0131n (AFAD)&nbsp; internet sitesinde yer alan bilgiye g\u00f6re merkez \u00fcst\u00fc Malatya\u2019da 5.4 b\u00fcy\u00fckl\u00fc\u011f\u00fcnde sars\u0131nt\u0131 kaydedildi.<\/p>\n\n\n\n<p>Deprem \u015eanl\u0131urfa ve \u00e7evre illerde de hissedildi .<\/p>\n","protected":false},"excerpt":{"rendered":"<p>Saat 16:39\u2019dan Malatya merkezde 5.4 b\u00fcy\u00fckl\u00fc\u011f\u00fcnde deprem meydana geldi deprem \u015eanl\u0131urfadan da hissedildi. Afet ve acil&#46;&#46;&#46;<\/p>\n","protected":false},"author":2,"featured_media":8553,"comment_status":"open","ping_status":"open","sticky":false,"template":"","format":"standard","meta":{"inline_featured_image":false,"footnotes":""},"categories":[82],"tags":[178,396,118,131,107],"manset":[],"class_list":["post-8551","post","type-post","status-publish","format-standard","has-post-thumbnail","hentry","category-gundem-haberleri","tag-deprem","tag-malatya","tag-sanliurfa","tag-son-dakika","tag-ub"],"_links":{"self":[{"href":"https:\/\/www.urfabugun.com\/index.php\/wp-json\/wp\/v2\/posts\/8551","targetHints":{"allow":["GET"]}}],"collection":[{"href":"https:\/\/www.urfabugun.com\/index.php\/wp-json\/wp\/v2\/posts"}],"about":[{"href":"https:\/\/www.urfabugun.com\/index.php\/wp-json\/wp\/v2\/types\/post"}],"author":[{"embeddable":true,"href":"https:\/\/www.urfabugun.com\/index.php\/wp-json\/wp\/v2\/users\/2"}],"replies":[{"embeddable":true,"href":"https:\/\/www.urfabugun.com\/index.php\/wp-json\/wp\/v2\/comments?post=8551"}],"version-history":[{"count":0,"href":"https:\/\/www.urfabugun.com\/index.php\/wp-json\/wp\/v2\/posts\/8551\/revisions"}],"wp:featuredmedia":[{"embeddable":true,"href":"https:\/\/www.urfabugun.com\/index.php\/wp-json\/wp\/v2\/media\/8553"}],"wp:attachment":[{"href":"https:\/\/www.urfabugun.com\/index.php\/wp-json\/wp\/v2\/media?parent=8551"}],"wp:term":[{"taxonomy":"category","embeddable":true,"href":"https:\/\/www.urfabugun.com\/index.php\/wp-json\/wp\/v2\/categories?post=8551"},{"taxonomy":"post_tag","embeddable":true,"href":"https:\/\/www.urfabugun.com\/index.php\/wp-json\/wp\/v2\/tags?post=8551"},{"taxonomy":"manset","embeddable":true,"href":"https:\/\/www.urfabugun.com\/index.php\/wp-json\/wp\/v2\/manset?post=8551"}],"curies":[{"name":"wp","href":"https:\/\/api.w.org\/{rel}","templated":true}]}}