{"id":8559,"date":"2023-08-13T11:52:10","date_gmt":"2023-08-13T08:52:10","guid":{"rendered":"https:\/\/www.urfabugun.com\/?p=8559"},"modified":"2023-08-13T11:52:19","modified_gmt":"2023-08-13T08:52:19","slug":"hava-sicakligi-mevsim-normallerinin-6-ila-10-derece-uzerine-cikacak","status":"publish","type":"post","link":"https:\/\/www.urfabugun.com\/index.php\/2023\/08\/13\/hava-sicakligi-mevsim-normallerinin-6-ila-10-derece-uzerine-cikacak\/","title":{"rendered":"Hava S\u0131cakl\u0131\u011f\u0131 Mevsim Normallerinin 6 \u0130la 10 Derece \u00dczerine \u00c7\u0131kacak!"},"content":{"rendered":"\n<p><\/p>\n\n\n\n<p><strong>T\u00fcrkiye&#8217;nin do\u011fu ve g\u00fcneydo\u011fu kesimlerindeki s\u0131cak hava dalgas\u0131n\u0131n bug\u00fcnden itibaren etkisini art\u0131rarak di\u011fer b\u00f6lgelerde de etkili olaca\u011f\u0131 tahmin ediliyor. Bunun yan\u0131 s\u0131ra s\u0131cakl\u0131k art\u0131\u015f\u0131, baz\u0131 b\u00f6lgelerde mevsim normallerinin 6 ila 10 derece kadar \u00fczerinde seyredecek.<\/strong><\/p>\n\n\n\n<p>Meteoroloji Genel M\u00fcd\u00fcrl\u00fc\u011f\u00fc&#8217;nden yap\u0131lan a\u00e7\u0131klamaya g\u00f6re, pazar g\u00fcn\u00fc etkisini art\u0131racak hava s\u0131cakl\u0131klar\u0131n\u0131n \u0130\u00e7 Ege, Akdeniz, \u0130\u00e7 Anadolu, Bat\u0131 Karadeniz&#8217;in i\u00e7 kesimleri, Orta ve Do\u011fu Karadeniz ile Do\u011fu ve G\u00fcneydo\u011fu Anadolu&#8217;da gelecek hafta boyunca mevsim normallerinin 6 ila 10 derece \u00fczerinde seyretmesi bekleniyor.<\/p>\n\n\n\n<p>Baz\u0131 illerin g\u00fcnl\u00fck en y\u00fcksek hava s\u0131cakl\u0131klar\u0131n\u0131n \u015fu aral\u0131klarda olmas\u0131 \u00f6ng\u00f6r\u00fcl\u00fcyor:<\/p>\n\n\n\n<ul class=\"wp-block-list\">\n<li>Ankara 33-38 derece<\/li>\n\n\n\n<li>\u0130stanbul 28-29 derece<\/li>\n\n\n\n<li>\u0130zmir 32-34 derece<\/li>\n\n\n\n<li>Kayseri 37-40 derece<\/li>\n\n\n\n<li>Adana 38-45 derece<\/li>\n\n\n\n<li>Hatay 36-42 derece<\/li>\n\n\n\n<li>Mersin 36-4 derece<\/li>\n\n\n\n<li>Kahramanmara\u015f 38-45 derece<\/li>\n\n\n\n<li>Osmaniye 38-45 derece<\/li>\n\n\n\n<li>Konya 38-40 derece<\/li>\n\n\n\n<li>Eski\u015fehir 37-41 derece<\/li>\n\n\n\n<li>K\u0131r\u0131kkale 39-41 derece<\/li>\n\n\n\n<li>Bolu 34-38 derece<\/li>\n\n\n\n<li>Karab\u00fck 37-40 derece<\/li>\n\n\n\n<li>Amasya 35-38 derece<\/li>\n\n\n\n<li>Malatya 40-43 derece<\/li>\n\n\n\n<li>Elaz\u0131\u011f 40-41 derece<\/li>\n\n\n\n<li>Tunceli 40-41 derece<\/li>\n\n\n\n<li>Bing\u00f6l 38-40 derece<\/li>\n\n\n\n<li>Mu\u015f 38-39 derece<\/li>\n\n\n\n<li>Hakkari 34-37 derece<\/li>\n\n\n\n<li>Diyarbak\u0131r 43-44 derece<\/li>\n\n\n\n<li>Gaziantep 39-43 derece<\/li>\n\n\n\n<li>Ad\u0131yaman 39-44 derece<\/li>\n\n\n\n<li>\u015eanl\u0131urfa 41-45 derece<\/li>\n\n\n\n<li>Batman 43-45 derece<\/li>\n\n\n\n<li>\u015e\u0131rnak 39-40 derece<\/li>\n\n\n\n<li>Kilis 42-46 derece<\/li>\n<\/ul>\n\n\n\n<p>S\u0131cak hava dalgas\u0131 nedeniyle kronik rahats\u0131zl\u0131\u011f\u0131 bulunanlar, ya\u015fl\u0131lar ve \u00e7ocuklar ba\u015fta olmak \u00fczere vatanda\u015flar\u0131n g\u00fcn\u00fcn en s\u0131cak zaman\u0131 11.00-16.00 saatlerinde dikkatli ve tedbirli olmalar\u0131 istendi.<\/p>\n","protected":false},"excerpt":{"rendered":"<p>T\u00fcrkiye&#8217;nin do\u011fu ve g\u00fcneydo\u011fu kesimlerindeki s\u0131cak hava dalgas\u0131n\u0131n bug\u00fcnden itibaren etkisini art\u0131rarak di\u011fer b\u00f6lgelerde de etkili&#46;&#46;&#46;<\/p>\n","protected":false},"author":2,"featured_media":8561,"comment_status":"open","ping_status":"open","sticky":false,"template":"","format":"standard","meta":{"inline_featured_image":false,"footnotes":""},"categories":[92],"tags":[1657,118,1943,131,107],"manset":[],"class_list":["post-8559","post","type-post","status-publish","format-standard","has-post-thumbnail","hentry","category-yasam-haberleri","tag-guneydogu","tag-sanliurfa","tag-sicak","tag-son-dakika","tag-ub"],"_links":{"self":[{"href":"https:\/\/www.urfabugun.com\/index.php\/wp-json\/wp\/v2\/posts\/8559","targetHints":{"allow":["GET"]}}],"collection":[{"href":"https:\/\/www.urfabugun.com\/index.php\/wp-json\/wp\/v2\/posts"}],"about":[{"href":"https:\/\/www.urfabugun.com\/index.php\/wp-json\/wp\/v2\/types\/post"}],"author":[{"embeddable":true,"href":"https:\/\/www.urfabugun.com\/index.php\/wp-json\/wp\/v2\/users\/2"}],"replies":[{"embeddable":true,"href":"https:\/\/www.urfabugun.com\/index.php\/wp-json\/wp\/v2\/comments?post=8559"}],"version-history":[{"count":0,"href":"https:\/\/www.urfabugun.com\/index.php\/wp-json\/wp\/v2\/posts\/8559\/revisions"}],"wp:featuredmedia":[{"embeddable":true,"href":"https:\/\/www.urfabugun.com\/index.php\/wp-json\/wp\/v2\/media\/8561"}],"wp:attachment":[{"href":"https:\/\/www.urfabugun.com\/index.php\/wp-json\/wp\/v2\/media?parent=8559"}],"wp:term":[{"taxonomy":"category","embeddable":true,"href":"https:\/\/www.urfabugun.com\/index.php\/wp-json\/wp\/v2\/categories?post=8559"},{"taxonomy":"post_tag","embeddable":true,"href":"https:\/\/www.urfabugun.com\/index.php\/wp-json\/wp\/v2\/tags?post=8559"},{"taxonomy":"manset","embeddable":true,"href":"https:\/\/www.urfabugun.com\/index.php\/wp-json\/wp\/v2\/manset?post=8559"}],"curies":[{"name":"wp","href":"https:\/\/api.w.org\/{rel}","templated":true}]}}