{"id":8567,"date":"2023-08-13T14:48:45","date_gmt":"2023-08-13T11:48:45","guid":{"rendered":"https:\/\/www.urfabugun.com\/?p=8567"},"modified":"2023-08-13T14:48:51","modified_gmt":"2023-08-13T11:48:51","slug":"turkiyeye-girmeye-calisan-pkkli-terorist-suriye-sinirinda-yakalandi","status":"publish","type":"post","link":"https:\/\/www.urfabugun.com\/index.php\/2023\/08\/13\/turkiyeye-girmeye-calisan-pkkli-terorist-suriye-sinirinda-yakalandi\/","title":{"rendered":"T\u00fcrkiye&#8217;ye Girmeye \u00c7al\u0131\u015fan PKK&#8217;l\u0131 Ter\u00f6rist Suriye S\u0131n\u0131r\u0131nda Yakaland\u0131!"},"content":{"rendered":"\n<p><\/p>\n\n\n\n<p><strong>\u015eanl\u0131urfa&#8217;n\u0131n Suru\u00e7 il\u00e7esinde Suriye&#8217;den yurda girmeye \u00e7al\u0131\u015fan ter\u00f6r \u00f6rg\u00fct\u00fc PKK\/PYD mensubu g\u00f6zalt\u0131na al\u0131nd\u0131.<\/strong><\/p>\n\n\n\n<p>G\u00fcvenlik g\u00fc\u00e7leri, bir ter\u00f6ristin Suriye&#8217;den T\u00fcrkiye&#8217;ye girme te\u015febb\u00fcs\u00fcnde bulunaca\u011f\u0131na y\u00f6nelik istihbarat \u00fczerine s\u0131n\u0131r hatt\u0131ndaki \u00f6nlemlerini art\u0131rd\u0131.<\/p>\n\n\n\n<p>Ekipler, ter\u00f6r \u00f6rg\u00fct\u00fc PKK\/PYD \u00fcyesi oldu\u011fu tespit edilen ter\u00f6risti s\u0131n\u0131r hatt\u0131nda yakalad\u0131.<\/p>\n\n\n\n<p>Ter\u00f6rist hakk\u0131nda adli i\u015flem ba\u015flat\u0131ld\u0131.<\/p>\n","protected":false},"excerpt":{"rendered":"<p>\u015eanl\u0131urfa&#8217;n\u0131n Suru\u00e7 il\u00e7esinde Suriye&#8217;den yurda girmeye \u00e7al\u0131\u015fan ter\u00f6r \u00f6rg\u00fct\u00fc PKK\/PYD mensubu g\u00f6zalt\u0131na al\u0131nd\u0131. G\u00fcvenlik g\u00fc\u00e7leri, bir&#46;&#46;&#46;<\/p>\n","protected":false},"author":2,"featured_media":8569,"comment_status":"open","ping_status":"open","sticky":false,"template":"","format":"standard","meta":{"inline_featured_image":false,"footnotes":""},"categories":[75],"tags":[131,2549,107,608],"manset":[],"class_list":["post-8567","post","type-post","status-publish","format-standard","has-post-thumbnail","hentry","category-asayis-haberleri","tag-son-dakika","tag-turkiyeye-girmeye-calisan-pkkli-terorist-suriye-sinirinda-yakalandi","tag-ub","tag-urfa-bugun"],"_links":{"self":[{"href":"https:\/\/www.urfabugun.com\/index.php\/wp-json\/wp\/v2\/posts\/8567","targetHints":{"allow":["GET"]}}],"collection":[{"href":"https:\/\/www.urfabugun.com\/index.php\/wp-json\/wp\/v2\/posts"}],"about":[{"href":"https:\/\/www.urfabugun.com\/index.php\/wp-json\/wp\/v2\/types\/post"}],"author":[{"embeddable":true,"href":"https:\/\/www.urfabugun.com\/index.php\/wp-json\/wp\/v2\/users\/2"}],"replies":[{"embeddable":true,"href":"https:\/\/www.urfabugun.com\/index.php\/wp-json\/wp\/v2\/comments?post=8567"}],"version-history":[{"count":0,"href":"https:\/\/www.urfabugun.com\/index.php\/wp-json\/wp\/v2\/posts\/8567\/revisions"}],"wp:featuredmedia":[{"embeddable":true,"href":"https:\/\/www.urfabugun.com\/index.php\/wp-json\/wp\/v2\/media\/8569"}],"wp:attachment":[{"href":"https:\/\/www.urfabugun.com\/index.php\/wp-json\/wp\/v2\/media?parent=8567"}],"wp:term":[{"taxonomy":"category","embeddable":true,"href":"https:\/\/www.urfabugun.com\/index.php\/wp-json\/wp\/v2\/categories?post=8567"},{"taxonomy":"post_tag","embeddable":true,"href":"https:\/\/www.urfabugun.com\/index.php\/wp-json\/wp\/v2\/tags?post=8567"},{"taxonomy":"manset","embeddable":true,"href":"https:\/\/www.urfabugun.com\/index.php\/wp-json\/wp\/v2\/manset?post=8567"}],"curies":[{"name":"wp","href":"https:\/\/api.w.org\/{rel}","templated":true}]}}