{"id":8571,"date":"2023-08-13T15:05:38","date_gmt":"2023-08-13T12:05:38","guid":{"rendered":"https:\/\/www.urfabugun.com\/?p=8571"},"modified":"2023-08-13T15:05:44","modified_gmt":"2023-08-13T12:05:44","slug":"sanliurfali-gencler-bilimde-cag-atlayacak","status":"publish","type":"post","link":"https:\/\/www.urfabugun.com\/index.php\/2023\/08\/13\/sanliurfali-gencler-bilimde-cag-atlayacak\/","title":{"rendered":"\u015eanl\u0131urfal\u0131 Gen\u00e7ler Bilimde \u00c7a\u011f Atlayacak!"},"content":{"rendered":"\n<p><\/p>\n\n\n\n<p><strong>\u015eanl\u0131urfa B\u00fcy\u00fck\u015fehir Belediye Ba\u015fkan\u0131 Zeynel Abidin Beyazg\u00fcl\u2019\u00fcn giri\u015fimleriyle kente kazand\u0131r\u0131lan ve T\u00dcB\u0130TAK taraf\u0131ndan desteklenen Bilim Merkezi in\u015faat \u00e7al\u0131\u015fmalar\u0131 tamamland\u0131. GES projesi ile desteklenen merkezde i\u00e7 tefri\u015fat \u00e7al\u0131\u015fmalar\u0131 h\u0131zla devam ediyor.<\/strong><\/p>\n\n\n\n<p>G\u00fcne\u015f enerjisinden b\u00fcy\u00fck bir oranda faydalanan \u015eanl\u0131urfa B\u00fcy\u00fck\u015fehir Belediyesi, kentte yap\u0131m\u0131na devam edilen Bilim Merkezinde GES projesini uygulad\u0131. \u015eanl\u0131urfa B\u00fcy\u00fck\u015fehir Belediyesi g\u00fcne\u015f tarlalar\u0131n\u0131n yan\u0131 s\u0131ra kendi b\u00fcnyesinde bulunan idari merkezlerde g\u00fcne\u015f enerjisinden faydalan\u0131yor.<\/p>\n\n\n\n<p>D\u00fcnyan\u0131n ilk \u00fcniversitesinin yer ald\u0131\u011f\u0131 \u015eanl\u0131urfa\u2019da, gen\u00e7lerin teknoloji \u00e7a\u011f\u0131nda bilimle yak\u0131ndan ilgilenip, yeni bilim insanlar\u0131n\u0131n yeti\u015fmesine b\u00fcy\u00fck olanak sa\u011flayacak olan \u015eanl\u0131urfa Bilim Merkezinde in\u015faat \u00e7al\u0131\u015fmas\u0131 tamamland\u0131.<\/p>\n\n\n\n<p>Bilim Merkezinde yer alacak matematik, ah\u015fap ve tasar\u0131m, robotik ve kodlama, biyoloji ve kimya, STEM, astronomi at\u00f6lyeleri sayesinde \u015eanl\u0131urfa&#8217;da bilimsel \u00f6\u011frenmenin her ya\u015f grubunda sa\u011flanmas\u0131n\u0131n \u00f6n\u00fc a\u00e7\u0131lm\u0131\u015f olacak.<\/p>\n\n\n\n<p>Okullar b\u00f6lgesinde yer almas\u0131 nedeniyle \u00f6\u011frencilerin u\u011frak mek\u00e2n\u0131 haline gelecek olan \u015eanl\u0131urfa Bilim Merkezi,&nbsp; \u00e7ocuklar\u0131n ve gen\u00e7lerin okuldaki e\u011fitimlerini tamamlay\u0131c\u0131 nitelikte olacak.&nbsp; K\u00fc\u00e7\u00fck ya\u015ftaki ziyaret\u00e7ilerin kendi ba\u015flar\u0131na karar verebilen ve sorumluluk sahibi bireyler olmalar\u0131na da katk\u0131 sunmas\u0131 bekleniyor.<\/p>\n\n\n\n<p>51 bin 402 metrekare alan \u00fczerine kurulan \u015eanl\u0131urfa Bilim Merkezi 40 bin metrekare peyzaj alan\u0131na sahip, projede kapal\u0131 alan ise 9 bin metrekare olacak \u015fekilde tasarland\u0131. D\u0131\u015f cephe \u00e7al\u0131\u015fmalar\u0131n\u0131 ve \u00e7evre d\u00fczenlemesini tamamlayan ekipler bilim merkezinin i\u00e7 tefri\u015fat\u0131n\u0131 da titizlikle s\u00fcrd\u00fcr\u00fcyor.<\/p>\n\n\n\n<p>\u015eanl\u0131urfa B\u00fcy\u00fck\u015fehir Belediyesi \u015fehrin \u00e7ocuklar\u0131n\u0131n, gen\u00e7lerinin bilimin temelinde yo\u011frulmas\u0131n\u0131 ve gelece\u011fe umutla bakmas\u0131n\u0131 sa\u011flamak amac\u0131yla Zeytin Dal\u0131 E\u011fitim Kamp\u00fcs\u00fc yak\u0131n\u0131nda ba\u015flatt\u0131\u011f\u0131 Bilim Merkezi en k\u0131sa zamanda tamamlanarak \u015eanl\u0131urfal\u0131 gen\u00e7lerin hizmetine sunulacak.<\/p>\n","protected":false},"excerpt":{"rendered":"<p>\u015eanl\u0131urfa B\u00fcy\u00fck\u015fehir Belediye Ba\u015fkan\u0131 Zeynel Abidin Beyazg\u00fcl\u2019\u00fcn giri\u015fimleriyle kente kazand\u0131r\u0131lan ve T\u00dcB\u0130TAK taraf\u0131ndan desteklenen Bilim Merkezi&#46;&#46;&#46;<\/p>\n","protected":false},"author":2,"featured_media":8573,"comment_status":"open","ping_status":"open","sticky":false,"template":"","format":"standard","meta":{"inline_featured_image":false,"footnotes":""},"categories":[82],"tags":[119,131,107,173],"manset":[],"class_list":["post-8571","post","type-post","status-publish","format-standard","has-post-thumbnail","hentry","category-gundem-haberleri","tag-sanliurfa-buyuksehir-belediyesi","tag-son-dakika","tag-ub","tag-zeynel-abidin-beyazgul"],"_links":{"self":[{"href":"https:\/\/www.urfabugun.com\/index.php\/wp-json\/wp\/v2\/posts\/8571","targetHints":{"allow":["GET"]}}],"collection":[{"href":"https:\/\/www.urfabugun.com\/index.php\/wp-json\/wp\/v2\/posts"}],"about":[{"href":"https:\/\/www.urfabugun.com\/index.php\/wp-json\/wp\/v2\/types\/post"}],"author":[{"embeddable":true,"href":"https:\/\/www.urfabugun.com\/index.php\/wp-json\/wp\/v2\/users\/2"}],"replies":[{"embeddable":true,"href":"https:\/\/www.urfabugun.com\/index.php\/wp-json\/wp\/v2\/comments?post=8571"}],"version-history":[{"count":0,"href":"https:\/\/www.urfabugun.com\/index.php\/wp-json\/wp\/v2\/posts\/8571\/revisions"}],"wp:featuredmedia":[{"embeddable":true,"href":"https:\/\/www.urfabugun.com\/index.php\/wp-json\/wp\/v2\/media\/8573"}],"wp:attachment":[{"href":"https:\/\/www.urfabugun.com\/index.php\/wp-json\/wp\/v2\/media?parent=8571"}],"wp:term":[{"taxonomy":"category","embeddable":true,"href":"https:\/\/www.urfabugun.com\/index.php\/wp-json\/wp\/v2\/categories?post=8571"},{"taxonomy":"post_tag","embeddable":true,"href":"https:\/\/www.urfabugun.com\/index.php\/wp-json\/wp\/v2\/tags?post=8571"},{"taxonomy":"manset","embeddable":true,"href":"https:\/\/www.urfabugun.com\/index.php\/wp-json\/wp\/v2\/manset?post=8571"}],"curies":[{"name":"wp","href":"https:\/\/api.w.org\/{rel}","templated":true}]}}