{"id":8581,"date":"2023-08-14T09:08:00","date_gmt":"2023-08-14T06:08:00","guid":{"rendered":"https:\/\/www.urfabugun.com\/?p=8581"},"modified":"2023-08-14T09:08:07","modified_gmt":"2023-08-14T06:08:07","slug":"basra-sicaklari-etkisini-surduruyor-sanliurfayi-yeni-haftada-nasil-bir-hava-bekliyor","status":"publish","type":"post","link":"https:\/\/www.urfabugun.com\/index.php\/2023\/08\/14\/basra-sicaklari-etkisini-surduruyor-sanliurfayi-yeni-haftada-nasil-bir-hava-bekliyor\/","title":{"rendered":"Basra S\u0131caklar\u0131 Etkisini S\u00fcrd\u00fcr\u00fcyor: \u015eanl\u0131urfa\u2019y\u0131 Yeni Haftada Nas\u0131l Bir Hava Bekliyor?"},"content":{"rendered":"\n<p><\/p>\n\n\n\n<p><strong>\u015eanl\u0131urfa\u2019da 45 dereceyi a\u015fan s\u0131caklar b\u00f6lgedeki ya\u015fam\u0131 olumsuz etkilerken, Meteoroloji Genel M\u00fcd\u00fcrl\u00fc\u011f\u00fc \u015eanl\u0131urfa\u2019n\u0131n hava tahminlerini a\u00e7\u0131klad\u0131. Peki, bu hafta \u015eanl\u0131urfa\u2019y\u0131 neler bekliyor?<\/strong><\/p>\n\n\n\n<p>Basra&#8217;dan gelen ve G\u00fcneydo\u011fu Anadolu B\u00f6lgesi&#8217;nde etkili olan s\u0131cak hava dalgas\u0131, yurdun i\u00e7 kesimlerinde de etkili olacak. S\u0131cakl\u0131k hafta boyunca artacak.<\/p>\n\n\n\n<p>Meteoroloji Genel M\u00fcd\u00fcrl\u00fc\u011f\u00fc Hava Tahmin Uzman\u0131 \u0130lker Ko\u00e7, yurdun b\u00fcy\u00fck b\u00f6l\u00fcm\u00fcnde hava s\u0131cakl\u0131klar\u0131n\u0131n mevsim normallerinin 8 ila 10 derece \u00fczerine \u00e7\u0131kmas\u0131n\u0131 beklediklerini ve s\u0131cak hava dalgas\u0131n\u0131n cuma g\u00fcn\u00fcne kadar s\u00fcrece\u011fini a\u00e7\u0131klad\u0131.<\/p>\n\n\n\n<p>\u015eanl\u0131urfa&#8217;da hava s\u0131cakl\u0131\u011f\u0131 mevsim normallerinde seyredecek. Yurdun b\u00fcy\u00fck b\u00f6l\u00fcm\u00fcnde cumaya kadar ya\u011f\u0131\u015f beklenmiyor.<\/p>\n\n\n\n<p>\u015eanl\u0131urfa&#8217;da hava s\u0131cakl\u0131\u011f\u0131 bug\u00fcn en y\u00fcksek 45 dereceyi g\u00f6sterirken, di\u011fer g\u00fcnler 43 ve 44 derece civar\u0131nda seyredecek.<\/p>\n","protected":false},"excerpt":{"rendered":"<p>\u015eanl\u0131urfa\u2019da 45 dereceyi a\u015fan s\u0131caklar b\u00f6lgedeki ya\u015fam\u0131 olumsuz etkilerken, Meteoroloji Genel M\u00fcd\u00fcrl\u00fc\u011f\u00fc \u015eanl\u0131urfa\u2019n\u0131n hava tahminlerini a\u00e7\u0131klad\u0131.&#46;&#46;&#46;<\/p>\n","protected":false},"author":2,"featured_media":8583,"comment_status":"open","ping_status":"open","sticky":false,"template":"","format":"standard","meta":{"inline_featured_image":false,"footnotes":""},"categories":[92],"tags":[2509,1657,118,1943,131,107,130],"manset":[],"class_list":["post-8581","post","type-post","status-publish","format-standard","has-post-thumbnail","hentry","category-yasam-haberleri","tag-basra-sicaklari","tag-guneydogu","tag-sanliurfa","tag-sicak","tag-son-dakika","tag-ub","tag-urfa"],"_links":{"self":[{"href":"https:\/\/www.urfabugun.com\/index.php\/wp-json\/wp\/v2\/posts\/8581","targetHints":{"allow":["GET"]}}],"collection":[{"href":"https:\/\/www.urfabugun.com\/index.php\/wp-json\/wp\/v2\/posts"}],"about":[{"href":"https:\/\/www.urfabugun.com\/index.php\/wp-json\/wp\/v2\/types\/post"}],"author":[{"embeddable":true,"href":"https:\/\/www.urfabugun.com\/index.php\/wp-json\/wp\/v2\/users\/2"}],"replies":[{"embeddable":true,"href":"https:\/\/www.urfabugun.com\/index.php\/wp-json\/wp\/v2\/comments?post=8581"}],"version-history":[{"count":0,"href":"https:\/\/www.urfabugun.com\/index.php\/wp-json\/wp\/v2\/posts\/8581\/revisions"}],"wp:featuredmedia":[{"embeddable":true,"href":"https:\/\/www.urfabugun.com\/index.php\/wp-json\/wp\/v2\/media\/8583"}],"wp:attachment":[{"href":"https:\/\/www.urfabugun.com\/index.php\/wp-json\/wp\/v2\/media?parent=8581"}],"wp:term":[{"taxonomy":"category","embeddable":true,"href":"https:\/\/www.urfabugun.com\/index.php\/wp-json\/wp\/v2\/categories?post=8581"},{"taxonomy":"post_tag","embeddable":true,"href":"https:\/\/www.urfabugun.com\/index.php\/wp-json\/wp\/v2\/tags?post=8581"},{"taxonomy":"manset","embeddable":true,"href":"https:\/\/www.urfabugun.com\/index.php\/wp-json\/wp\/v2\/manset?post=8581"}],"curies":[{"name":"wp","href":"https:\/\/api.w.org\/{rel}","templated":true}]}}