{"id":8585,"date":"2023-08-14T09:16:23","date_gmt":"2023-08-14T06:16:23","guid":{"rendered":"https:\/\/www.urfabugun.com\/?p=8585"},"modified":"2023-08-14T09:16:29","modified_gmt":"2023-08-14T06:16:29","slug":"toplu-sozlesme-gorusmelerinde-kritik-gun","status":"publish","type":"post","link":"https:\/\/www.urfabugun.com\/index.php\/2023\/08\/14\/toplu-sozlesme-gorusmelerinde-kritik-gun\/","title":{"rendered":"Toplu S\u00f6zle\u015fme G\u00f6r\u00fc\u015fmelerinde Kritik G\u00fcn!"},"content":{"rendered":"\n<p><p class=\"MsoNormal\"><\/p><\/p>\n\n\n\n<p><strong>Milyonlarca kamu g\u00f6revlisinin merakla bekledi\u011fi toplu s\u00f6zle\u015fmede g\u00f6r\u00fc\u015fmeler devam ederken, ikinci toplant\u0131 bug\u00fcn \u00c7al\u0131\u015fma ve Sosyal G\u00fcvenlik Bakanl\u0131\u011f\u0131&#8217;nda ger\u00e7ekle\u015ftirilecek.<\/strong><\/p>\n\n\n\n<p>Toplant\u0131da kamu i\u015fveren taraf\u0131n\u0131n teklifini sunmas\u0131 beklenirken, \u00fc\u00e7\u00fcnc\u00fc toplant\u0131 17 A\u011fustos&#8217;ta yap\u0131lacak. A\u011fustos ay\u0131nda tamamlanmas\u0131 gereken zam pazarl\u0131\u011f\u0131nda memurun talebi \u00f6n\u00fcm\u00fczdeki y\u0131l i\u00e7in y\u00fczde 70 olurken, 2025 i\u00e7inse y\u00fczde 40 zam olarak a\u00e7\u0131kland\u0131. Ayr\u0131ca ayl\u0131k 7 bin 650 lira kira yard\u0131m\u0131 da talep ediliyor.<\/p>\n\n\n\n<p> <\/p>\n","protected":false},"excerpt":{"rendered":"<p>Milyonlarca kamu g\u00f6revlisinin merakla bekledi\u011fi toplu s\u00f6zle\u015fmede g\u00f6r\u00fc\u015fmeler devam ederken, ikinci toplant\u0131 bug\u00fcn \u00c7al\u0131\u015fma ve Sosyal&#46;&#46;&#46;<\/p>\n","protected":false},"author":2,"featured_media":8587,"comment_status":"open","ping_status":"open","sticky":false,"template":"","format":"standard","meta":{"inline_featured_image":false,"footnotes":""},"categories":[82],"tags":[131,2551,2550,107],"manset":[],"class_list":["post-8585","post","type-post","status-publish","format-standard","has-post-thumbnail","hentry","category-gundem-haberleri","tag-son-dakika","tag-toplu-sozlesme","tag-toplu-sozlesme-gorusmelerinde-kritik-gun","tag-ub"],"_links":{"self":[{"href":"https:\/\/www.urfabugun.com\/index.php\/wp-json\/wp\/v2\/posts\/8585","targetHints":{"allow":["GET"]}}],"collection":[{"href":"https:\/\/www.urfabugun.com\/index.php\/wp-json\/wp\/v2\/posts"}],"about":[{"href":"https:\/\/www.urfabugun.com\/index.php\/wp-json\/wp\/v2\/types\/post"}],"author":[{"embeddable":true,"href":"https:\/\/www.urfabugun.com\/index.php\/wp-json\/wp\/v2\/users\/2"}],"replies":[{"embeddable":true,"href":"https:\/\/www.urfabugun.com\/index.php\/wp-json\/wp\/v2\/comments?post=8585"}],"version-history":[{"count":0,"href":"https:\/\/www.urfabugun.com\/index.php\/wp-json\/wp\/v2\/posts\/8585\/revisions"}],"wp:featuredmedia":[{"embeddable":true,"href":"https:\/\/www.urfabugun.com\/index.php\/wp-json\/wp\/v2\/media\/8587"}],"wp:attachment":[{"href":"https:\/\/www.urfabugun.com\/index.php\/wp-json\/wp\/v2\/media?parent=8585"}],"wp:term":[{"taxonomy":"category","embeddable":true,"href":"https:\/\/www.urfabugun.com\/index.php\/wp-json\/wp\/v2\/categories?post=8585"},{"taxonomy":"post_tag","embeddable":true,"href":"https:\/\/www.urfabugun.com\/index.php\/wp-json\/wp\/v2\/tags?post=8585"},{"taxonomy":"manset","embeddable":true,"href":"https:\/\/www.urfabugun.com\/index.php\/wp-json\/wp\/v2\/manset?post=8585"}],"curies":[{"name":"wp","href":"https:\/\/api.w.org\/{rel}","templated":true}]}}