{"id":8605,"date":"2023-08-14T12:17:10","date_gmt":"2023-08-14T09:17:10","guid":{"rendered":"https:\/\/www.urfabugun.com\/?p=8605"},"modified":"2023-08-14T12:17:17","modified_gmt":"2023-08-14T09:17:17","slug":"haliliyede-yaz-konseri-coskusu-devam-ediyor","status":"publish","type":"post","link":"https:\/\/www.urfabugun.com\/index.php\/2023\/08\/14\/haliliyede-yaz-konseri-coskusu-devam-ediyor\/","title":{"rendered":"Haliliye\u2019de Yaz Konseri Co\u015fkusu Devam Ediyor!"},"content":{"rendered":"\n<p><\/p>\n\n\n\n<p><strong>Haliliye Belediyesi K\u00fclt\u00fcr ve Sosyal \u0130\u015fleri M\u00fcd\u00fcrl\u00fc\u011f\u00fc taraf\u0131ndan d\u00fczenlenen Yaz Konserleri etkinli\u011finde s\u0131ra gecesi ve halk oyunlar\u0131n\u0131n sahne almas\u0131yla mahalle sakinlerine unutulmaz bir ak\u015fam ya\u015fat\u0131l\u0131yor.<\/strong><\/p>\n\n\n\n<p>Haliliye Belediyesi taraf\u0131ndan mahalle mahalle d\u00fczenlenen Yaz Konserleri ba\u015flad\u0131.<\/p>\n\n\n\n<p>Belediye Ba\u015fkan\u0131 Mehmet Canpolat\u2019\u0131n talimatlar\u0131yla \u00e7al\u0131\u015fmalar\u0131n\u0131 y\u00fcr\u00fcten K\u00fclt\u00fcr ve Sosyal \u0130\u015fleri M\u00fcd\u00fcrl\u00fc\u011f\u00fc, 6 mahallede Yaz Konseri d\u00fczenliyor. Halk oyunlar\u0131 ve s\u0131ra gecesi ekibinin yer ald\u0131\u011f\u0131 Yaz Konserlerinde mahalle sakinlerine unutulmaz bir ak\u015fam ya\u015fat\u0131l\u0131yor. Devtey\u015fti Mahallesinde 15 Temmuz Park\u0131 ve Kar\u015f\u0131yaka Mahallesinde G\u00f6beklitepe Park\u0131nda d\u00fczenlenen etkinlik ile hem aileler hem de \u00e7ocuklar doyas\u0131ya e\u011fleniyor.<\/p>\n\n\n\n<p>Halk oyunlar\u0131 ekibinin konser \u00f6ncesi g\u00f6sterisiyle ba\u015flayan Yaz Konseri a\u00e7\u0131l\u0131\u015f program\u0131, s\u0131ra gecesi ekibinin birbirinden e\u015fsiz par\u00e7alar\u0131 seslendirmesiyle devam ediyor. S\u0131ra gecesi ekibinin t\u00fcrk\u00fclerine e\u015flik eden mahalle sakinleri, bir yandan e\u011flenceye doyuyor bir yandan da ho\u015f vakit ge\u00e7iriyor. Devtey\u015fti ve Kar\u015f\u0131yaka Mahallelerinde yo\u011fun ilgi g\u00f6ren Yaz Konserleri etkinli\u011finde vatanda\u015flara ise y\u00f6resel lezzetlerden olan meyan \u015ferbeti ikram ediliyor.<\/p>\n\n\n\n<p>K\u00fclt\u00fcr ve Sosyal \u0130\u015fler M\u00fcd\u00fcrl\u00fc\u011f\u00fc taraf\u0131ndan d\u00fczenlenen ve 21.30\u2019da ba\u015flayan Yaz Konserleri takvimi ise \u015fu \u015fekilde:<\/p>\n\n\n\n<p>19 A\u011fustos Cumartesi\/ \u015eehit Ahmet Oktay G\u00fcnak Park\u0131 (S\u00fcleymaniye Mahallesi)<\/p>\n\n\n\n<p>20 A\u011fustos Pazar\/ Halil Karaduman Park\u0131 (\u0130mambak\u0131r Mahallesi)<\/p>\n\n\n\n<p>26 A\u011fustos Cumartesi\/ Ahmet Yesevi Park\u0131 (Ahmet Yesevi Mahallesi)<\/p>\n\n\n\n<p>27 A\u011fustos Pazar\/ Turgut \u00d6zal Park\u0131 (Ulubatl\u0131 Mahallesi)<\/p>\n","protected":false},"excerpt":{"rendered":"<p>Haliliye Belediyesi K\u00fclt\u00fcr ve Sosyal \u0130\u015fleri M\u00fcd\u00fcrl\u00fc\u011f\u00fc taraf\u0131ndan d\u00fczenlenen Yaz Konserleri etkinli\u011finde s\u0131ra gecesi ve halk&#46;&#46;&#46;<\/p>\n","protected":false},"author":2,"featured_media":8607,"comment_status":"open","ping_status":"open","sticky":false,"template":"","format":"standard","meta":{"inline_featured_image":false,"footnotes":""},"categories":[84],"tags":[2559,2560,131,107],"manset":[],"class_list":["post-8605","post","type-post","status-publish","format-standard","has-post-thumbnail","hentry","category-kultur-sanat-haberleri","tag-haliliye-belediysi","tag-haliliyede-yaz-konseri-coskusu-devam-ediyor","tag-son-dakika","tag-ub"],"_links":{"self":[{"href":"https:\/\/www.urfabugun.com\/index.php\/wp-json\/wp\/v2\/posts\/8605","targetHints":{"allow":["GET"]}}],"collection":[{"href":"https:\/\/www.urfabugun.com\/index.php\/wp-json\/wp\/v2\/posts"}],"about":[{"href":"https:\/\/www.urfabugun.com\/index.php\/wp-json\/wp\/v2\/types\/post"}],"author":[{"embeddable":true,"href":"https:\/\/www.urfabugun.com\/index.php\/wp-json\/wp\/v2\/users\/2"}],"replies":[{"embeddable":true,"href":"https:\/\/www.urfabugun.com\/index.php\/wp-json\/wp\/v2\/comments?post=8605"}],"version-history":[{"count":0,"href":"https:\/\/www.urfabugun.com\/index.php\/wp-json\/wp\/v2\/posts\/8605\/revisions"}],"wp:featuredmedia":[{"embeddable":true,"href":"https:\/\/www.urfabugun.com\/index.php\/wp-json\/wp\/v2\/media\/8607"}],"wp:attachment":[{"href":"https:\/\/www.urfabugun.com\/index.php\/wp-json\/wp\/v2\/media?parent=8605"}],"wp:term":[{"taxonomy":"category","embeddable":true,"href":"https:\/\/www.urfabugun.com\/index.php\/wp-json\/wp\/v2\/categories?post=8605"},{"taxonomy":"post_tag","embeddable":true,"href":"https:\/\/www.urfabugun.com\/index.php\/wp-json\/wp\/v2\/tags?post=8605"},{"taxonomy":"manset","embeddable":true,"href":"https:\/\/www.urfabugun.com\/index.php\/wp-json\/wp\/v2\/manset?post=8605"}],"curies":[{"name":"wp","href":"https:\/\/api.w.org\/{rel}","templated":true}]}}