{"id":8609,"date":"2023-08-14T12:26:02","date_gmt":"2023-08-14T09:26:02","guid":{"rendered":"https:\/\/www.urfabugun.com\/?p=8609"},"modified":"2023-08-14T12:26:09","modified_gmt":"2023-08-14T09:26:09","slug":"buyuksehirden-viransehirde-yol-calismasi","status":"publish","type":"post","link":"https:\/\/www.urfabugun.com\/index.php\/2023\/08\/14\/buyuksehirden-viransehirde-yol-calismasi\/","title":{"rendered":"B\u00fcy\u00fck\u015fehir\u2019den Viran\u015fehir\u2019de Yol \u00c7al\u0131\u015fmas\u0131!"},"content":{"rendered":"\n<p><\/p>\n\n\n\n<p><strong>\u015eanl\u0131urfa B\u00fcy\u00fck\u015fehir Belediyesi taraf\u0131ndan Viran\u015fehir il\u00e7esi Yeni\u015fehir Mahallesinde ba\u015flat\u0131lan 40 metre geni\u015fli\u011finde 1 kilometrelik \u00e7evre yolunda alt yap\u0131 \u00e7al\u0131\u015fmas\u0131n\u0131 tamamlad\u0131. Zemin g\u00fc\u00e7lendirme \u00e7al\u0131\u015fmas\u0131n\u0131n yap\u0131ld\u0131\u011f\u0131 yol en k\u0131sa zamanda asfaltlanarak vatanda\u015flar\u0131n hizmetine a\u00e7\u0131lacak.<\/strong><\/p>\n\n\n\n<p>Kent merkezi ve il\u00e7elerde yol, cadde ve kav\u015fak \u00e7al\u0131\u015fmalar\u0131n\u0131 aral\u0131ks\u0131z bir \u015fekilde s\u00fcrd\u00fcren \u015eanl\u0131urfa B\u00fcy\u00fck\u015fehir Belediyesi, Viran\u015fehir \u0130l\u00e7esi Yeni\u015fehir Mahallesinde 40 metre geni\u015fli\u011findeki \u00e7evre yolu yap\u0131m \u00e7al\u0131\u015fmas\u0131n\u0131 s\u00fcrd\u00fcr\u00fcyor.<\/p>\n\n\n\n<p>Vatanda\u015flar\u0131 konforlu yol a\u011f\u0131yla bulu\u015fturan \u015eanl\u0131urfa B\u00fcy\u00fck\u015fehir Belediyesi Viran\u015fehir \u0130l\u00e7esi Yeni\u015fehir Mahallesinde 40 metre geni\u015fli\u011finde yol \u00e7al\u0131\u015fmas\u0131nda sona do\u011fru geldi. Yolun tamamlanmas\u0131yla birlikte \u015eanl\u0131urfa\u2019y\u0131 Ceylanp\u0131nar&#8217;a, Yeni\u015fehir Mahallesi ve Devlet hastanesine ba\u011flayan alternatif yol ile ula\u015f\u0131m konforlu hale gelecek<\/p>\n\n\n\n<p>Yeni\u015fehir Mahallesinde alt yap\u0131 ve zemin sa\u011flamla\u015ft\u0131rma \u00e7al\u0131\u015fmas\u0131n\u0131 tamamlayan \u015eanl\u0131urfa B\u00fcy\u00fck\u015fehir Belediyesi Fen \u0130\u015fleri Daire Ba\u015fkanl\u0131\u011f\u0131 ekipleri, en k\u0131sa zamanda yolu asfaltlayarak vatanda\u015flar\u0131n hizmetine a\u00e7acak.<\/p>\n","protected":false},"excerpt":{"rendered":"<p>\u015eanl\u0131urfa B\u00fcy\u00fck\u015fehir Belediyesi taraf\u0131ndan Viran\u015fehir il\u00e7esi Yeni\u015fehir Mahallesinde ba\u015flat\u0131lan 40 metre geni\u015fli\u011finde 1 kilometrelik \u00e7evre yolunda&#46;&#46;&#46;<\/p>\n","protected":false},"author":2,"featured_media":8611,"comment_status":"open","ping_status":"open","sticky":false,"template":"","format":"standard","meta":{"inline_featured_image":false,"footnotes":""},"categories":[92],"tags":[2561,119,131,107],"manset":[],"class_list":["post-8609","post","type-post","status-publish","format-standard","has-post-thumbnail","hentry","category-yasam-haberleri","tag-buyuksehirden-viransehirde-yol-calismasi","tag-sanliurfa-buyuksehir-belediyesi","tag-son-dakika","tag-ub"],"_links":{"self":[{"href":"https:\/\/www.urfabugun.com\/index.php\/wp-json\/wp\/v2\/posts\/8609","targetHints":{"allow":["GET"]}}],"collection":[{"href":"https:\/\/www.urfabugun.com\/index.php\/wp-json\/wp\/v2\/posts"}],"about":[{"href":"https:\/\/www.urfabugun.com\/index.php\/wp-json\/wp\/v2\/types\/post"}],"author":[{"embeddable":true,"href":"https:\/\/www.urfabugun.com\/index.php\/wp-json\/wp\/v2\/users\/2"}],"replies":[{"embeddable":true,"href":"https:\/\/www.urfabugun.com\/index.php\/wp-json\/wp\/v2\/comments?post=8609"}],"version-history":[{"count":0,"href":"https:\/\/www.urfabugun.com\/index.php\/wp-json\/wp\/v2\/posts\/8609\/revisions"}],"wp:featuredmedia":[{"embeddable":true,"href":"https:\/\/www.urfabugun.com\/index.php\/wp-json\/wp\/v2\/media\/8611"}],"wp:attachment":[{"href":"https:\/\/www.urfabugun.com\/index.php\/wp-json\/wp\/v2\/media?parent=8609"}],"wp:term":[{"taxonomy":"category","embeddable":true,"href":"https:\/\/www.urfabugun.com\/index.php\/wp-json\/wp\/v2\/categories?post=8609"},{"taxonomy":"post_tag","embeddable":true,"href":"https:\/\/www.urfabugun.com\/index.php\/wp-json\/wp\/v2\/tags?post=8609"},{"taxonomy":"manset","embeddable":true,"href":"https:\/\/www.urfabugun.com\/index.php\/wp-json\/wp\/v2\/manset?post=8609"}],"curies":[{"name":"wp","href":"https:\/\/api.w.org\/{rel}","templated":true}]}}