{"id":8613,"date":"2023-08-14T14:01:43","date_gmt":"2023-08-14T11:01:43","guid":{"rendered":"https:\/\/www.urfabugun.com\/?p=8613"},"modified":"2023-08-14T14:02:10","modified_gmt":"2023-08-14T11:02:10","slug":"sanliurfanin-depremlerde-hasar-goren-simge-minareleri-onarildi","status":"publish","type":"post","link":"https:\/\/www.urfabugun.com\/index.php\/2023\/08\/14\/sanliurfanin-depremlerde-hasar-goren-simge-minareleri-onarildi\/","title":{"rendered":"\u015eanl\u0131urfa&#8217;n\u0131n Depremlerde Hasar G\u00f6ren Simge Minareleri Onar\u0131ld\u0131!"},"content":{"rendered":"\n<p><\/p>\n\n\n\n<p><strong>\u015eanl\u0131urfa&#8217;n\u0131n simge yap\u0131lar\u0131n\u0131n ba\u015f\u0131nda gelen ve Kahramanmara\u015f merkezli 6 \u015eubat&#8217;taki depremlerde hasar g\u00f6ren Dergah ve R\u0131zvaniye camilerinin minareleri restore edildi.<\/strong><\/p>\n\n\n\n<p>Depremde Dergah Camisi&#8217;nin iki minaresinin ucu yakla\u015f\u0131k 1 metre y\u0131k\u0131ld\u0131, R\u0131zvaniye Camisi&#8217;nin minaresinin ucundaki yakla\u015f\u0131k 2 metrelik b\u00f6l\u00fcm de hasar g\u00f6rd\u00fc.<\/p>\n\n\n\n<p>\u015eanl\u0131urfa Vak\u0131flar B\u00f6lge M\u00fcd\u00fcrl\u00fc\u011f\u00fc, B\u00fcy\u00fck\u015fehir Belediyesi ve K\u00fclt\u00fcr Varl\u0131klar\u0131n\u0131 Koruma Kurulu ekipleri koordinasyonunda Dergah ve R\u0131zvaniye camilerinin minarelerinde onar\u0131m \u00e7al\u0131\u015fmas\u0131 yap\u0131ld\u0131.<\/p>\n\n\n\n<p>Yakla\u015f\u0131k 6 ay s\u00fcren \u00e7al\u0131\u015fmalar kapsam\u0131nda, tarihi Bal\u0131kl\u0131g\u00f6l&#8217;\u00fcn k\u0131y\u0131s\u0131nda bulunan R\u0131zvaniye Camisi&#8217;nin minaresi onar\u0131ld\u0131.<\/p>\n\n\n\n<figure class=\"wp-block-gallery has-nested-images columns-default is-cropped wp-block-gallery-1 is-layout-flex wp-block-gallery-is-layout-flex\">\n<figure class=\"wp-block-image size-large\"><img loading=\"lazy\" decoding=\"async\" width=\"1024\" height=\"576\" data-id=\"8616\" src=\"https:\/\/www.urfabugun.com\/wp-content\/uploads\/2023\/08\/AA-20230814-31913621-31913616-SANLIURFANIN_DEPREMLERDE_HASAR_GOREN_SIMGE_MINARELERI_ONARILDI-1024x576.jpg\" alt=\"\" class=\"wp-image-8616\"\/><figcaption class=\"wp-element-caption\">\u015eanl\u0131urfa&#8217;n\u0131n simge yap\u0131lar\u0131n\u0131n ba\u015f\u0131nda gelen ve Kahramanmara\u015f merkezli 6 \u015eubat&#8217;taki depremlerde hasar g\u00f6ren Dergah ve R\u0131zvaniye camilerinin minareleri restore edildi. Hazreti \u0130brahim&#8217;in do\u011fdu\u011fu rivayet edilen makam\u0131n yan\u0131nda bulunan ve kentin en b\u00fcy\u00fck simge camilerinden biri olan Dergah Camisi&#8217;nin iki minaresinde y\u00fcr\u00fct\u00fclen restorasyon \u00e7al\u0131\u015fmas\u0131 da tamamland\u0131. ( Rauf Malta\u015f &#8211; Anadolu Ajans\u0131 )<\/figcaption><\/figure>\n<\/figure>\n\n\n\n<p>Hazreti \u0130brahim&#8217;in do\u011fdu\u011fu rivayet edilen makam\u0131n yan\u0131nda bulunan ve kentin en b\u00fcy\u00fck simge camilerinden biri olan Dergah Camisi&#8217;nin iki minaresinde y\u00fcr\u00fct\u00fclen restorasyon \u00e7al\u0131\u015fmas\u0131 da tamamland\u0131.<\/p>\n\n\n\n<p><strong>&#8220;PROJE BAZLI RESTORE ED\u0130LD\u0130&#8221;<\/strong><\/p>\n\n\n\n<p>\u015eanl\u0131urfa Vak\u0131flar B\u00f6lge M\u00fcd\u00fcr\u00fc Mehmet Ali Palal\u0131, depremin ard\u0131ndan kentteki tarihi yap\u0131lar\u0131n aya\u011fa kald\u0131r\u0131lmas\u0131na y\u00f6nelik \u00e7al\u0131\u015fmalar\u0131n devam etti\u011fini s\u00f6yledi.<\/p>\n","protected":false},"excerpt":{"rendered":"<p>\u015eanl\u0131urfa&#8217;n\u0131n simge yap\u0131lar\u0131n\u0131n ba\u015f\u0131nda gelen ve Kahramanmara\u015f merkezli 6 \u015eubat&#8217;taki depremlerde hasar g\u00f6ren Dergah ve R\u0131zvaniye&#46;&#46;&#46;<\/p>\n","protected":false},"author":2,"featured_media":8615,"comment_status":"open","ping_status":"open","sticky":false,"template":"","format":"standard","meta":{"inline_featured_image":false,"footnotes":""},"categories":[77],"tags":[178,118,2562,131,107,608],"manset":[],"class_list":["post-8613","post","type-post","status-publish","format-standard","has-post-thumbnail","hentry","category-cevre-haberleri","tag-deprem","tag-sanliurfa","tag-sanliurfanin-depremlerde-hasar-goren-simge-minareleri-onarildi","tag-son-dakika","tag-ub","tag-urfa-bugun"],"_links":{"self":[{"href":"https:\/\/www.urfabugun.com\/index.php\/wp-json\/wp\/v2\/posts\/8613","targetHints":{"allow":["GET"]}}],"collection":[{"href":"https:\/\/www.urfabugun.com\/index.php\/wp-json\/wp\/v2\/posts"}],"about":[{"href":"https:\/\/www.urfabugun.com\/index.php\/wp-json\/wp\/v2\/types\/post"}],"author":[{"embeddable":true,"href":"https:\/\/www.urfabugun.com\/index.php\/wp-json\/wp\/v2\/users\/2"}],"replies":[{"embeddable":true,"href":"https:\/\/www.urfabugun.com\/index.php\/wp-json\/wp\/v2\/comments?post=8613"}],"version-history":[{"count":0,"href":"https:\/\/www.urfabugun.com\/index.php\/wp-json\/wp\/v2\/posts\/8613\/revisions"}],"wp:featuredmedia":[{"embeddable":true,"href":"https:\/\/www.urfabugun.com\/index.php\/wp-json\/wp\/v2\/media\/8615"}],"wp:attachment":[{"href":"https:\/\/www.urfabugun.com\/index.php\/wp-json\/wp\/v2\/media?parent=8613"}],"wp:term":[{"taxonomy":"category","embeddable":true,"href":"https:\/\/www.urfabugun.com\/index.php\/wp-json\/wp\/v2\/categories?post=8613"},{"taxonomy":"post_tag","embeddable":true,"href":"https:\/\/www.urfabugun.com\/index.php\/wp-json\/wp\/v2\/tags?post=8613"},{"taxonomy":"manset","embeddable":true,"href":"https:\/\/www.urfabugun.com\/index.php\/wp-json\/wp\/v2\/manset?post=8613"}],"curies":[{"name":"wp","href":"https:\/\/api.w.org\/{rel}","templated":true}]}}