{"id":8623,"date":"2023-08-14T22:23:02","date_gmt":"2023-08-14T19:23:02","guid":{"rendered":"https:\/\/www.urfabugun.com\/?p=8623"},"modified":"2023-08-14T22:23:09","modified_gmt":"2023-08-14T19:23:09","slug":"memur-ve-memur-emeklileri-icin-zam-teklifi-belli-oldu","status":"publish","type":"post","link":"https:\/\/www.urfabugun.com\/index.php\/2023\/08\/14\/memur-ve-memur-emeklileri-icin-zam-teklifi-belli-oldu\/","title":{"rendered":"Memur ve Memur Emeklileri \u0130\u00e7in Zam Teklifi Belli Oldu!"},"content":{"rendered":"\n<p><\/p>\n\n\n\n<p><strong>\u00c7al\u0131\u015fma ve Sosyal G\u00fcvenlik Bakan\u0131 Vedat I\u015f\u0131khan, 2024-2025 y\u0131llar\u0131n\u0131 kapsayan 7. D\u00f6nem Kamu Toplu S\u00f6zle\u015fmesi g\u00f6r\u00fc\u015fmelerinde memur ve memur emeklilerine y\u00f6nelik ilk zam teklifini a\u00e7\u0131klad\u0131.<\/strong><\/p>\n\n\n\n<p>Yakla\u015f\u0131k 4 milyon memur ve 2,5 milyon memur emeklisini ilgilendiren toplu s\u00f6zle\u015fme g\u00f6r\u00fc\u015fmelerinde h\u00fck\u00fcmetin zam teklifi belli oldu.<\/p>\n\n\n\n<p>1 A\u011fustos&#8217;ta ba\u015flayan g\u00f6r\u00fc\u015fmelerde taraflar ikinci kez bir araya geldi.<\/p>\n\n\n\n<p>Toplant\u0131 \u00f6ncesi a\u00e7\u0131klama yapan \u00c7al\u0131\u015fma ve Sosyal G\u00fcvenlik Bakan\u0131 Vedat I\u015f\u0131khan, Kamu \u0130\u015fveren Heyeti&#8217;nin ilk zam teklifini duyurdu.<\/p>\n\n\n\n<p>Buna g\u00f6re, 2024&#8217;te ilk 6 ay i\u00e7in y\u00fczde 14, ikinci 6 ay i\u00e7in y\u00fczde 9 zam teklif edildi. 2025 zam teklifi ilk 6 ay i\u00e7in y\u00fczde 6, ikinci 6 ay i\u00e7in y\u00fczde 5 oldu.<\/p>\n","protected":false},"excerpt":{"rendered":"<p>\u00c7al\u0131\u015fma ve Sosyal G\u00fcvenlik Bakan\u0131 Vedat I\u015f\u0131khan, 2024-2025 y\u0131llar\u0131n\u0131 kapsayan 7. D\u00f6nem Kamu Toplu S\u00f6zle\u015fmesi g\u00f6r\u00fc\u015fmelerinde&#46;&#46;&#46;<\/p>\n","protected":false},"author":2,"featured_media":8625,"comment_status":"open","ping_status":"open","sticky":false,"template":"","format":"standard","meta":{"inline_featured_image":false,"footnotes":""},"categories":[82],"tags":[1013,2564,131,107,142],"manset":[],"class_list":["post-8623","post","type-post","status-publish","format-standard","has-post-thumbnail","hentry","category-gundem-haberleri","tag-emekli","tag-memur-ve-memur-emeklileri-icin-zam-teklifi-belli-oldu","tag-son-dakika","tag-ub","tag-zam"],"_links":{"self":[{"href":"https:\/\/www.urfabugun.com\/index.php\/wp-json\/wp\/v2\/posts\/8623","targetHints":{"allow":["GET"]}}],"collection":[{"href":"https:\/\/www.urfabugun.com\/index.php\/wp-json\/wp\/v2\/posts"}],"about":[{"href":"https:\/\/www.urfabugun.com\/index.php\/wp-json\/wp\/v2\/types\/post"}],"author":[{"embeddable":true,"href":"https:\/\/www.urfabugun.com\/index.php\/wp-json\/wp\/v2\/users\/2"}],"replies":[{"embeddable":true,"href":"https:\/\/www.urfabugun.com\/index.php\/wp-json\/wp\/v2\/comments?post=8623"}],"version-history":[{"count":0,"href":"https:\/\/www.urfabugun.com\/index.php\/wp-json\/wp\/v2\/posts\/8623\/revisions"}],"wp:featuredmedia":[{"embeddable":true,"href":"https:\/\/www.urfabugun.com\/index.php\/wp-json\/wp\/v2\/media\/8625"}],"wp:attachment":[{"href":"https:\/\/www.urfabugun.com\/index.php\/wp-json\/wp\/v2\/media?parent=8623"}],"wp:term":[{"taxonomy":"category","embeddable":true,"href":"https:\/\/www.urfabugun.com\/index.php\/wp-json\/wp\/v2\/categories?post=8623"},{"taxonomy":"post_tag","embeddable":true,"href":"https:\/\/www.urfabugun.com\/index.php\/wp-json\/wp\/v2\/tags?post=8623"},{"taxonomy":"manset","embeddable":true,"href":"https:\/\/www.urfabugun.com\/index.php\/wp-json\/wp\/v2\/manset?post=8623"}],"curies":[{"name":"wp","href":"https:\/\/api.w.org\/{rel}","templated":true}]}}