{"id":8634,"date":"2023-08-15T12:01:31","date_gmt":"2023-08-15T09:01:31","guid":{"rendered":"https:\/\/www.urfabugun.com\/?p=8634"},"modified":"2023-08-15T12:01:37","modified_gmt":"2023-08-15T09:01:37","slug":"sanliurfada-yasli-adam-kopege-tecavuz-ederken-yakalandi","status":"publish","type":"post","link":"https:\/\/www.urfabugun.com\/index.php\/2023\/08\/15\/sanliurfada-yasli-adam-kopege-tecavuz-ederken-yakalandi\/","title":{"rendered":"\u015eanl\u0131urfa\u2019da Ya\u015fl\u0131 Adam K\u00f6pe\u011fe Tecav\u00fcz Ederken Yakaland\u0131!"},"content":{"rendered":"\n<p><\/p>\n\n\n\n<p><strong>Sosyal medyada payla\u015f\u0131lan videoda kimli\u011fi belirsiz bir adam\u0131n, \u015eanl\u0131urfa\u2019n\u0131n Ceylanp\u0131nar il\u00e7e k\u0131rsal\u0131nda sahipsiz bir k\u00f6pe\u011fe tecav\u00fcz etti\u011fi ve su\u00e7 \u00fcst\u00fc yakalanarak g\u00f6r\u00fcnt\u00fclendi\u011fi iddia edildi.<\/strong><\/p>\n\n\n\n<p>\u015eanl\u0131urfa Ceylanp\u0131nar il\u00e7esi k\u0131rsal\u0131nda ya\u015fl\u0131 bir adam\u0131n ormanda k\u00f6pe\u011fe tecav\u00fcz etti\u011fi iddia edildi. \u00dcst\u00fcn\u00fc giyinirken bir vatanda\u015f taraf\u0131ndan g\u00f6r\u00fcnt\u00fclenen adam sessiz kald\u0131.<\/p>\n\n\n\n<p>Kendisini g\u00f6r\u00fcnt\u00fcleyen ki\u015fi taraf\u0131ndan emniyet g\u00fc\u00e7lerine g\u00f6t\u00fcr\u00fclmek istenirken ya\u015fl\u0131 adam\u0131n uzakla\u015fmaya \u00e7al\u0131\u015ft\u0131\u011f\u0131 g\u00f6r\u00fcld\u00fc.<\/p>\n","protected":false},"excerpt":{"rendered":"<p>Sosyal medyada payla\u015f\u0131lan videoda kimli\u011fi belirsiz bir adam\u0131n, \u015eanl\u0131urfa\u2019n\u0131n Ceylanp\u0131nar il\u00e7e k\u0131rsal\u0131nda sahipsiz bir k\u00f6pe\u011fe tecav\u00fcz&#46;&#46;&#46;<\/p>\n","protected":false},"author":2,"featured_media":8636,"comment_status":"open","ping_status":"open","sticky":false,"template":"","format":"standard","meta":{"inline_featured_image":false,"footnotes":""},"categories":[82],"tags":[2569,131,2568,2567,107],"manset":[],"class_list":["post-8634","post","type-post","status-publish","format-standard","has-post-thumbnail","hentry","category-gundem-haberleri","tag-sanliurfada-yasli-adam-kopege-tecavuz-ederken-yakalandi","tag-son-dakika","tag-tacavuz","tag-taciz","tag-ub"],"_links":{"self":[{"href":"https:\/\/www.urfabugun.com\/index.php\/wp-json\/wp\/v2\/posts\/8634","targetHints":{"allow":["GET"]}}],"collection":[{"href":"https:\/\/www.urfabugun.com\/index.php\/wp-json\/wp\/v2\/posts"}],"about":[{"href":"https:\/\/www.urfabugun.com\/index.php\/wp-json\/wp\/v2\/types\/post"}],"author":[{"embeddable":true,"href":"https:\/\/www.urfabugun.com\/index.php\/wp-json\/wp\/v2\/users\/2"}],"replies":[{"embeddable":true,"href":"https:\/\/www.urfabugun.com\/index.php\/wp-json\/wp\/v2\/comments?post=8634"}],"version-history":[{"count":0,"href":"https:\/\/www.urfabugun.com\/index.php\/wp-json\/wp\/v2\/posts\/8634\/revisions"}],"wp:featuredmedia":[{"embeddable":true,"href":"https:\/\/www.urfabugun.com\/index.php\/wp-json\/wp\/v2\/media\/8636"}],"wp:attachment":[{"href":"https:\/\/www.urfabugun.com\/index.php\/wp-json\/wp\/v2\/media?parent=8634"}],"wp:term":[{"taxonomy":"category","embeddable":true,"href":"https:\/\/www.urfabugun.com\/index.php\/wp-json\/wp\/v2\/categories?post=8634"},{"taxonomy":"post_tag","embeddable":true,"href":"https:\/\/www.urfabugun.com\/index.php\/wp-json\/wp\/v2\/tags?post=8634"},{"taxonomy":"manset","embeddable":true,"href":"https:\/\/www.urfabugun.com\/index.php\/wp-json\/wp\/v2\/manset?post=8634"}],"curies":[{"name":"wp","href":"https:\/\/api.w.org\/{rel}","templated":true}]}}