{"id":8638,"date":"2023-08-15T12:26:41","date_gmt":"2023-08-15T09:26:41","guid":{"rendered":"https:\/\/www.urfabugun.com\/?p=8638"},"modified":"2023-08-15T12:26:47","modified_gmt":"2023-08-15T09:26:47","slug":"haliliye-agiz-ve-dis-sagligi-hastanesi-hizmet-vermeye-basladi","status":"publish","type":"post","link":"https:\/\/www.urfabugun.com\/index.php\/2023\/08\/15\/haliliye-agiz-ve-dis-sagligi-hastanesi-hizmet-vermeye-basladi\/","title":{"rendered":"Haliliye A\u011f\u0131z ve Di\u015f Sa\u011fl\u0131\u011f\u0131 Hastanesi Hizmet Vermeye Ba\u015flad\u0131!"},"content":{"rendered":"\n<p><\/p>\n\n\n\n<p><strong>T\u00fcrkiye de \u0130ki ve \u00fczeri A\u011f\u0131z ve Di\u015f Sa\u011fl\u0131\u011f\u0131 Hastanesi olan 4. \u0130l \u015eanl\u0131urfa\u2019d\u0131r. (Adana, Ankara \u0130stanbul, \u015eanl\u0131urfa) \u015eanl\u0131urfa\u2019n\u0131n en b\u00fcy\u00fck A\u011f\u0131z ve Di\u015f sa\u011fl\u0131\u011f\u0131 Hastanesi olan Haliliye A\u011f\u0131z ve Di\u015f Sa\u011fl\u0131\u011f\u0131 Hastanesi hasta kabul\u00fcne ba\u015flad\u0131.<\/strong><\/p>\n\n\n\n<p>Haliliye A\u011f\u0131z ve Di\u015f Sa\u011fl\u0131\u011f\u0131 Hastanesi Ba\u015fhekimi Dt. Mustafa Ferhat Demir \u201cHastanemiz &nbsp;01 A\u011fustos itibari ile ayaktan ve Mhrs \u00fczerinden Hasta kabul\u00fcne ba\u015flam\u0131\u015ft\u0131r.<\/p>\n\n\n\n<p>Ba\u015fhekim Demir; 2018-2019 Devte\u015fti\u2019 nde Kad\u0131n ve \u00c7ocuk Ya\u015fam Merkezi olarak in\u015fa edilen bina 2020 y\u0131l\u0131 Temmuz ay\u0131nda Hastaneye d\u00f6n\u00fc\u015ft\u00fcr\u00fclmesi i\u00e7in Sa\u011fl\u0131k Bakanl\u0131\u011f\u0131na devredilmi\u015fti.<\/p>\n\n\n\n<figure class=\"wp-block-gallery has-nested-images columns-default is-cropped wp-block-gallery-1 is-layout-flex wp-block-gallery-is-layout-flex\">\n<figure class=\"wp-block-image size-large\"><img loading=\"lazy\" decoding=\"async\" width=\"1024\" height=\"682\" data-id=\"8641\" src=\"https:\/\/www.urfabugun.com\/wp-content\/uploads\/2023\/08\/WhatsApp-Image-2023-08-15-at-09.49.16-1024x682-1.jpeg\" alt=\"\" class=\"wp-image-8641\"\/><\/figure>\n<\/figure>\n\n\n\n<p>Haliliye Belediyesi taraf\u0131ndan proje ve tadilat\u0131 yap\u0131lan, \u0130l Sa\u011fl\u0131k M\u00fcd\u00fcrl\u00fc\u011f\u00fc taraf\u0131ndan T\u0131bbi Cihaz ve tefri\u015fat i\u015flemleri tamamlanan \u201c Haliliye A\u011f\u0131z ve Di\u015f Sa\u011fl\u0131\u011f\u0131 Hastanesi\u201d Hizmet binas\u0131 9 katt\u0131r. \u0130lk Alt\u0131 kat klinikler 7. Kat Ameliyathane ve sterilizasyon \u00fcnitesi 8. Kat idari ofislerden olu\u015fmaktad\u0131r.<\/p>\n\n\n\n<p>Zemin katta \u015eanl\u0131urfa E\u011fitim ve ara\u015ft\u0131rma Hastanesine ba\u011fl\u0131 \u00c7ocuk ve D\u00e2hiliye polikliniklerinin oldu\u011fu semt poliklini\u011fi hizmet vermektedir.<\/p>\n\n\n\n<p>Hastane 50 Di\u015f Klini\u011fi ve 5 yatakl\u0131 servis olarak hizmet verecektir. Sa\u011fl\u0131k Bakanl\u0131\u011f\u0131 taraf\u0131ndan Haliliye il\u00e7emizde bulunan\u201d H\u0131zmal\u0131 semt poliklini\u011finin\u201d bu hastaneye ba\u011flanmas\u0131yla 65 \u00fcnit ve 5 yatak kapasitesine sahip \u015eanl\u0131urfa\u2019n\u0131n en b\u00fcy\u00fck hastanesi olarak Hizmet vermeye ba\u015flam\u0131\u015ft\u0131r.<\/p>\n\n\n\n<p>Vatanda\u015flar\u0131m\u0131z ayaktan m\u00fcracaat ederek veya 182 MHRS \u00fczerinden randevu alarak Di\u015f Tedavilerini yapt\u0131rabilirler.<\/p>\n\n\n\n<p>T\u00fcm \u015eanl\u0131urfa Halk\u0131na hay\u0131rl\u0131 olsun \u201ddedi.<\/p>\n","protected":false},"excerpt":{"rendered":"<p>T\u00fcrkiye de \u0130ki ve \u00fczeri A\u011f\u0131z ve Di\u015f Sa\u011fl\u0131\u011f\u0131 Hastanesi olan 4. \u0130l \u015eanl\u0131urfa\u2019d\u0131r. (Adana, Ankara&#46;&#46;&#46;<\/p>\n","protected":false},"author":2,"featured_media":8640,"comment_status":"open","ping_status":"open","sticky":false,"template":"","format":"standard","meta":{"inline_featured_image":false,"footnotes":""},"categories":[87],"tags":[2570,135,136,118,131,107],"manset":[],"class_list":["post-8638","post","type-post","status-publish","format-standard","has-post-thumbnail","hentry","category-saglik-haberleri","tag-haliliye-agiz-ve-dis-sagligi-hastanesi-hizmet-vermeye-basladi","tag-haliliye-belediyesi","tag-mehmet-canpolat","tag-sanliurfa","tag-son-dakika","tag-ub"],"_links":{"self":[{"href":"https:\/\/www.urfabugun.com\/index.php\/wp-json\/wp\/v2\/posts\/8638","targetHints":{"allow":["GET"]}}],"collection":[{"href":"https:\/\/www.urfabugun.com\/index.php\/wp-json\/wp\/v2\/posts"}],"about":[{"href":"https:\/\/www.urfabugun.com\/index.php\/wp-json\/wp\/v2\/types\/post"}],"author":[{"embeddable":true,"href":"https:\/\/www.urfabugun.com\/index.php\/wp-json\/wp\/v2\/users\/2"}],"replies":[{"embeddable":true,"href":"https:\/\/www.urfabugun.com\/index.php\/wp-json\/wp\/v2\/comments?post=8638"}],"version-history":[{"count":0,"href":"https:\/\/www.urfabugun.com\/index.php\/wp-json\/wp\/v2\/posts\/8638\/revisions"}],"wp:featuredmedia":[{"embeddable":true,"href":"https:\/\/www.urfabugun.com\/index.php\/wp-json\/wp\/v2\/media\/8640"}],"wp:attachment":[{"href":"https:\/\/www.urfabugun.com\/index.php\/wp-json\/wp\/v2\/media?parent=8638"}],"wp:term":[{"taxonomy":"category","embeddable":true,"href":"https:\/\/www.urfabugun.com\/index.php\/wp-json\/wp\/v2\/categories?post=8638"},{"taxonomy":"post_tag","embeddable":true,"href":"https:\/\/www.urfabugun.com\/index.php\/wp-json\/wp\/v2\/tags?post=8638"},{"taxonomy":"manset","embeddable":true,"href":"https:\/\/www.urfabugun.com\/index.php\/wp-json\/wp\/v2\/manset?post=8638"}],"curies":[{"name":"wp","href":"https:\/\/api.w.org\/{rel}","templated":true}]}}