{"id":8643,"date":"2023-08-15T14:16:20","date_gmt":"2023-08-15T11:16:20","guid":{"rendered":"https:\/\/www.urfabugun.com\/?p=8643"},"modified":"2023-08-15T14:16:26","modified_gmt":"2023-08-15T11:16:26","slug":"sanliurfayi-karistiran-talep-5-yil-sonra-yeniden-gundemde","status":"publish","type":"post","link":"https:\/\/www.urfabugun.com\/index.php\/2023\/08\/15\/sanliurfayi-karistiran-talep-5-yil-sonra-yeniden-gundemde\/","title":{"rendered":"\u015eanl\u0131urfa&#8217;y\u0131 Kar\u0131\u015ft\u0131ran Talep 5 Y\u0131l Sonra Yeniden G\u00fcndemde!"},"content":{"rendered":"\n<p><\/p>\n\n\n\n<p><strong>2018 y\u0131l\u0131nda Cumhurba\u015fkan\u0131 Erdo\u011fan&#8217;a mektup yazarak \u015eanl\u0131urfa&#8217;n\u0131n Birecik ve Halfeti il\u00e7elerinin Gaziantep&#8217;e ba\u011flanmas\u0131n\u0131 isteyen Birecik Ticaret ve Sanayi Odas\u0131 Ba\u015fkan\u0131 Saadettin Bilgin, 5 y\u0131l sonra bu kez \u0130\u00e7i\u015fleri Bakanl\u0131\u011f\u0131&#8217;na dilek\u00e7e g\u00f6nderip, 2 il\u00e7enin referandum yap\u0131larak Gaziantep&#8217;e ba\u011flanmas\u0131n\u0131 talep etti.<\/strong><\/p>\n\n\n\n<p>\u015eanl\u0131urfa&#8217;n\u0131n Birecik ile Halfeti il\u00e7elerinin Gaziantep&#8217;e ba\u011flanmas\u0131 talebi, 5 y\u0131l sonra yeniden g\u00fcndeme geldi. Daha \u00f6nce Cumhurba\u015fkan\u0131 Erdo\u011fan&#8217;a mektup yazan Birecik Ticaret ve Sanayi Odas\u0131 Ba\u015fkan\u0131 Saadettin Bilgin, bu kez \u0130\u00e7i\u015fleri Bakanl\u0131\u011f\u0131&#8217;na dilek\u00e7e g\u00f6nderip, F\u0131rat Nehri k\u0131y\u0131s\u0131ndaki 2 il\u00e7enin referandum yap\u0131larak Gaziantep&#8217;e ba\u011flanmas\u0131n\u0131 istedi.<\/p>\n\n\n\n<p><strong>CUMHURBA\u015eKANI ERDO\u011eAN&#8217;A MEKTUP G\u00d6NDERM\u0130\u015eT\u0130<\/strong><\/p>\n\n\n\n<p>Birecik Ticaret ve Sanayi Odas\u0131 Ba\u015fkan\u0131 Saadettin Bilgin, 2018&#8217;de \u015eanl\u0131urfa&#8217;n\u0131n F\u0131rat Nehri k\u0131y\u0131s\u0131ndaki il\u00e7eleri Birecik ve Halfeti&#8217;nin Gaziantep&#8217;e ba\u011flanmas\u0131na y\u00f6nelik bir mektup yaz\u0131p, Cumhurba\u015fkan\u0131 Erdo\u011fan&#8217;a g\u00f6nderdi. Bu 2 il\u00e7ede oturanlar\u0131n mesafe nedeniyle daha \u00e7ok Gaziantep&#8217;i tercih edip, bu kentte i\u015flerini hallettiklerini belirten Bilgin&#8217;in talebi, cevaps\u0131z kald\u0131. Bilgin, 5 y\u0131l sonra bu kez bir dilek\u00e7e yaz\u0131p, talebini \u0130\u00e7i\u015fleri Bakanl\u0131\u011f\u0131&#8217;na iletti.<\/p>\n\n\n\n<p><strong>&#8220;REFERANDUM \u0130STE\u011e\u0130N\u0130 BEL\u0130RTT\u0130M&#8221;<\/strong><\/p>\n\n\n\n<p>Konuya ili\u015fkin referandum talebinde de bulunan Bilgin, &#8220;Halfeti ve Birecik il\u00e7esindeki vatanda\u015flar\u0131m\u0131z\u0131n, Gaziantep&#8217;e ba\u011flanma istedi\u011fini kaleme ald\u0131m. Vatanda\u015flar\u0131m\u0131z, b\u00fct\u00fcn ili\u015fkilerinin Gaziantep ile oldu\u011funu s\u00f6yl\u00fcyor. &#8216; \u015eanl\u0131urfa&#8217;ya gidip gelmiyoruz, bilmiyoruz. \u015eanl\u0131urfa ile bir ili\u015fkimiz ve ba\u011f\u0131m\u0131z yok&#8217; diyorlar. \u0130\u00e7i\u015fleri Bakanl\u0131\u011f\u0131&#8217;na yazd\u0131\u011f\u0131m dilek\u00e7ede Halfeti ve Birecik il\u00e7esinin Gaziantep&#8217;e ba\u011flanmak istedi\u011fini yazd\u0131m. Vatanda\u015flar\u0131n referandum yap\u0131lmas\u0131n\u0131 istedi\u011fini belirttim. Ben de bunun \u00fczerine referandum yap\u0131lmas\u0131n\u0131 talep ettim. Daha \u00f6nce de il\u00e7edeki hastalar\u0131m\u0131z\u0131n, Gaziantep&#8217;e nakledilmesi i\u00e7in Sa\u011fl\u0131k Bakanl\u0131\u011f\u0131&#8217;na dilek\u00e7e yazm\u0131\u015ft\u0131m. Bu hastalar, 90 kilometrelik mesafeyi giderken \u00f6l\u00fcyor&#8221; dedi.<\/p>\n\n\n\n<p><strong>&#8220;GAZ\u0130ANTEP&#8217;E BA\u011eLANMAK \u0130ST\u0130YORUZ&#8221;<\/strong><\/p>\n\n\n\n<p>S\u00f6z konusu talep ise 2 il\u00e7ede halk\u0131 ikiye b\u00f6ld\u00fc. Birecik Kuyumcular Derne\u011fi Ba\u015fkan\u0131 Orhan Dirier, &#8220;\u015eanl\u0131urfa&#8217;n\u0131n ger\u00e7ekten Birecik ve Halfeti&#8217;ye y\u00f6nelik bir katk\u0131s\u0131 yoktur. \u0130l\u00e7elerimiz Gaziantep&#8217;e ba\u011flans\u0131n. Hi\u00e7 de\u011filse hizmet alal\u0131m. Birecik Kuyumcular Derne\u011fi Ba\u015fkan\u0131 olarak Birecik ve Halfeti&#8217;nin bir an \u00f6nce Gaziantep&#8217;e ba\u011flanmas\u0131n\u0131 istiyorum&#8221; dedi.<\/p>\n","protected":false},"excerpt":{"rendered":"<p>2018 y\u0131l\u0131nda Cumhurba\u015fkan\u0131 Erdo\u011fan&#8217;a mektup yazarak \u015eanl\u0131urfa&#8217;n\u0131n Birecik ve Halfeti il\u00e7elerinin Gaziantep&#8217;e ba\u011flanmas\u0131n\u0131 isteyen Birecik Ticaret&#46;&#46;&#46;<\/p>\n","protected":false},"author":2,"featured_media":8645,"comment_status":"open","ping_status":"open","sticky":false,"template":"","format":"standard","meta":{"inline_featured_image":false,"footnotes":""},"categories":[82],"tags":[1627,235,757,118,131,107,93],"manset":[],"class_list":["post-8643","post","type-post","status-publish","format-standard","has-post-thumbnail","hentry","category-gundem-haberleri","tag-birecik","tag-gaziantep","tag-halfeti","tag-sanliurfa","tag-son-dakika","tag-ub","tag-ust"],"_links":{"self":[{"href":"https:\/\/www.urfabugun.com\/index.php\/wp-json\/wp\/v2\/posts\/8643","targetHints":{"allow":["GET"]}}],"collection":[{"href":"https:\/\/www.urfabugun.com\/index.php\/wp-json\/wp\/v2\/posts"}],"about":[{"href":"https:\/\/www.urfabugun.com\/index.php\/wp-json\/wp\/v2\/types\/post"}],"author":[{"embeddable":true,"href":"https:\/\/www.urfabugun.com\/index.php\/wp-json\/wp\/v2\/users\/2"}],"replies":[{"embeddable":true,"href":"https:\/\/www.urfabugun.com\/index.php\/wp-json\/wp\/v2\/comments?post=8643"}],"version-history":[{"count":0,"href":"https:\/\/www.urfabugun.com\/index.php\/wp-json\/wp\/v2\/posts\/8643\/revisions"}],"wp:featuredmedia":[{"embeddable":true,"href":"https:\/\/www.urfabugun.com\/index.php\/wp-json\/wp\/v2\/media\/8645"}],"wp:attachment":[{"href":"https:\/\/www.urfabugun.com\/index.php\/wp-json\/wp\/v2\/media?parent=8643"}],"wp:term":[{"taxonomy":"category","embeddable":true,"href":"https:\/\/www.urfabugun.com\/index.php\/wp-json\/wp\/v2\/categories?post=8643"},{"taxonomy":"post_tag","embeddable":true,"href":"https:\/\/www.urfabugun.com\/index.php\/wp-json\/wp\/v2\/tags?post=8643"},{"taxonomy":"manset","embeddable":true,"href":"https:\/\/www.urfabugun.com\/index.php\/wp-json\/wp\/v2\/manset?post=8643"}],"curies":[{"name":"wp","href":"https:\/\/api.w.org\/{rel}","templated":true}]}}