{"id":8647,"date":"2023-08-15T15:51:50","date_gmt":"2023-08-15T12:51:50","guid":{"rendered":"https:\/\/www.urfabugun.com\/?p=8647"},"modified":"2023-08-15T15:51:57","modified_gmt":"2023-08-15T12:51:57","slug":"3-ayda-3-zam-birden-cay-fiyatlari-yukseldi","status":"publish","type":"post","link":"https:\/\/www.urfabugun.com\/index.php\/2023\/08\/15\/3-ayda-3-zam-birden-cay-fiyatlari-yukseldi\/","title":{"rendered":"3 Ayda 3 Zam Birden: \u00c7ay Fiyatlar\u0131 Y\u00fckseldi!"},"content":{"rendered":"\n<p><\/p>\n\n\n\n<p><strong>Haziran ay\u0131ndan itibaren y\u00fckselmeye ba\u015flayan \u00e7ay fiyatlar\u0131na son zam da bug\u00fcn yap\u0131ld\u0131.<\/strong><\/p>\n\n\n\n<p>15 A\u011fustos itibariyle \u00e7aya y\u00fczde 4.5 oran\u0131nda \u00fc\u00e7\u00fcnc\u00fc bir zam geldi. &nbsp;\u00c7aykur, \u00e7ay fiyatlar\u0131na Haziran ba\u015f\u0131ndan bu yana \u00fc\u00e7\u00fcnc\u00fc kez zam yapt\u0131.<\/p>\n\n\n\n<p>Yeni fiyat listeleri, toptan sat\u0131\u015f yapan \u015firketlere g\u00f6nderilmeye ba\u015fland\u0131.<\/p>\n\n\n\n<p>8 Haziran&#8217;da kuru \u00e7ay fiyatlar\u0131na y\u00fczde 43 zam yapan \u00c7aykur, ikinci zamm\u0131n\u0131 14 Temmuz&#8217;da y\u00fczde 9.5 oran\u0131nda ger\u00e7ekle\u015ftirmi\u015fti.<\/p>\n\n\n\n<p>B\u00f6ylece \u00c7aykur&#8217;un kuru \u00e7ay fiyatlar\u0131 8 Haziran&#8217;dan bu yana son 3 ayda toplam y\u00fczde 63.6 oran\u0131nda zamland\u0131.<\/p>\n","protected":false},"excerpt":{"rendered":"<p>Haziran ay\u0131ndan itibaren y\u00fckselmeye ba\u015flayan \u00e7ay fiyatlar\u0131na son zam da bug\u00fcn yap\u0131ld\u0131. 15 A\u011fustos itibariyle \u00e7aya&#46;&#46;&#46;<\/p>\n","protected":false},"author":2,"featured_media":8649,"comment_status":"open","ping_status":"open","sticky":false,"template":"","format":"standard","meta":{"inline_featured_image":false,"footnotes":""},"categories":[80],"tags":[2572,2571,131,107,608],"manset":[],"class_list":["post-8647","post","type-post","status-publish","format-standard","has-post-thumbnail","hentry","category-ekonomi-haberleri","tag-3-ayda-3-zam-birden-cay-fiyatlari-yukseldi","tag-cay-fiyatlari-yukseldi","tag-son-dakika","tag-ub","tag-urfa-bugun"],"_links":{"self":[{"href":"https:\/\/www.urfabugun.com\/index.php\/wp-json\/wp\/v2\/posts\/8647","targetHints":{"allow":["GET"]}}],"collection":[{"href":"https:\/\/www.urfabugun.com\/index.php\/wp-json\/wp\/v2\/posts"}],"about":[{"href":"https:\/\/www.urfabugun.com\/index.php\/wp-json\/wp\/v2\/types\/post"}],"author":[{"embeddable":true,"href":"https:\/\/www.urfabugun.com\/index.php\/wp-json\/wp\/v2\/users\/2"}],"replies":[{"embeddable":true,"href":"https:\/\/www.urfabugun.com\/index.php\/wp-json\/wp\/v2\/comments?post=8647"}],"version-history":[{"count":0,"href":"https:\/\/www.urfabugun.com\/index.php\/wp-json\/wp\/v2\/posts\/8647\/revisions"}],"wp:featuredmedia":[{"embeddable":true,"href":"https:\/\/www.urfabugun.com\/index.php\/wp-json\/wp\/v2\/media\/8649"}],"wp:attachment":[{"href":"https:\/\/www.urfabugun.com\/index.php\/wp-json\/wp\/v2\/media?parent=8647"}],"wp:term":[{"taxonomy":"category","embeddable":true,"href":"https:\/\/www.urfabugun.com\/index.php\/wp-json\/wp\/v2\/categories?post=8647"},{"taxonomy":"post_tag","embeddable":true,"href":"https:\/\/www.urfabugun.com\/index.php\/wp-json\/wp\/v2\/tags?post=8647"},{"taxonomy":"manset","embeddable":true,"href":"https:\/\/www.urfabugun.com\/index.php\/wp-json\/wp\/v2\/manset?post=8647"}],"curies":[{"name":"wp","href":"https:\/\/api.w.org\/{rel}","templated":true}]}}