{"id":8655,"date":"2023-08-15T21:59:40","date_gmt":"2023-08-15T18:59:40","guid":{"rendered":"https:\/\/www.urfabugun.com\/?p=8655"},"modified":"2023-08-15T21:59:48","modified_gmt":"2023-08-15T18:59:48","slug":"sanliurfada-otomobil-ucurumdan-uctu-1-olu1-yarali","status":"publish","type":"post","link":"https:\/\/www.urfabugun.com\/index.php\/2023\/08\/15\/sanliurfada-otomobil-ucurumdan-uctu-1-olu1-yarali\/","title":{"rendered":"\u015eanl\u0131urfa\u2019da Otomobil U\u00e7urumdan U\u00e7tu: 1 \u00d6l\u00fc,1 Yaral\u0131!"},"content":{"rendered":"\n<p><\/p>\n\n\n\n<p><strong>\u015eanl\u0131urfa\u2019n\u0131n Eyy\u00fcbiye il\u00e7esinde meydana gelen tek tarafl\u0131 trafik kazas\u0131nda bir ki\u015fi hayat\u0131n\u0131 kaybetti, bir ki\u015fi ise yaraland\u0131.<\/strong><\/p>\n\n\n\n<p>Edinilen bilgilere g\u00f6re, kaza olay\u0131 ak\u015fam saatlerinde Mobilyac\u0131lar Sitesi Kuzey \u00c7evre Yolu \u00fczerinde ger\u00e7ekle\u015fti.<\/p>\n\n\n\n<p>Plakas\u0131 ve s\u00fcr\u00fcc\u00fcs\u00fc \u00f6\u011frenilemeyen ara\u00e7, 150 metre y\u00fckseklikteki bir u\u00e7urumdan a\u015fa\u011f\u0131ya do\u011fru d\u00fc\u015ft\u00fc. Olay\u0131n haber verilmesi \u00fczerine polis, itfaiye ve sa\u011fl\u0131k ekipleri h\u0131zla olay yerine y\u00f6nlendirildi.<\/p>\n\n\n\n<p>\u0130tfaiye ekipleri, s\u0131k\u0131\u015fan ara\u00e7 i\u00e7erisinde bulunan yaral\u0131 ki\u015fiyi kurtar\u0131p sa\u011fl\u0131k ekiplerine teslim etti. Yaral\u0131 \u015fah\u0131s, olay yerinde yap\u0131lan ilk m\u00fcdahalenin ard\u0131ndan hastaneye sevk edildi. Ancak kaza sonucunda bir ki\u015fi hayat\u0131n\u0131 kaybetti.<\/p>\n\n\n\n<p>Kazayla ilgili soru\u015fturma ba\u015flat\u0131ld\u0131.<\/p>\n","protected":false},"excerpt":{"rendered":"<p>\u015eanl\u0131urfa\u2019n\u0131n Eyy\u00fcbiye il\u00e7esinde meydana gelen tek tarafl\u0131 trafik kazas\u0131nda bir ki\u015fi hayat\u0131n\u0131 kaybetti, bir ki\u015fi ise&#46;&#46;&#46;<\/p>\n","protected":false},"author":2,"featured_media":8657,"comment_status":"open","ping_status":"open","sticky":false,"template":"","format":"standard","meta":{"inline_featured_image":false,"footnotes":""},"categories":[75],"tags":[184,2576,2574,131,107],"manset":[],"class_list":["post-8655","post","type-post","status-publish","format-standard","has-post-thumbnail","hentry","category-asayis-haberleri","tag-asayis","tag-otomobil-ucurumda-uctu","tag-sanliurfada-otomobil-ucurumdan-uctu-1-olu","tag-son-dakika","tag-ub"],"_links":{"self":[{"href":"https:\/\/www.urfabugun.com\/index.php\/wp-json\/wp\/v2\/posts\/8655","targetHints":{"allow":["GET"]}}],"collection":[{"href":"https:\/\/www.urfabugun.com\/index.php\/wp-json\/wp\/v2\/posts"}],"about":[{"href":"https:\/\/www.urfabugun.com\/index.php\/wp-json\/wp\/v2\/types\/post"}],"author":[{"embeddable":true,"href":"https:\/\/www.urfabugun.com\/index.php\/wp-json\/wp\/v2\/users\/2"}],"replies":[{"embeddable":true,"href":"https:\/\/www.urfabugun.com\/index.php\/wp-json\/wp\/v2\/comments?post=8655"}],"version-history":[{"count":0,"href":"https:\/\/www.urfabugun.com\/index.php\/wp-json\/wp\/v2\/posts\/8655\/revisions"}],"wp:featuredmedia":[{"embeddable":true,"href":"https:\/\/www.urfabugun.com\/index.php\/wp-json\/wp\/v2\/media\/8657"}],"wp:attachment":[{"href":"https:\/\/www.urfabugun.com\/index.php\/wp-json\/wp\/v2\/media?parent=8655"}],"wp:term":[{"taxonomy":"category","embeddable":true,"href":"https:\/\/www.urfabugun.com\/index.php\/wp-json\/wp\/v2\/categories?post=8655"},{"taxonomy":"post_tag","embeddable":true,"href":"https:\/\/www.urfabugun.com\/index.php\/wp-json\/wp\/v2\/tags?post=8655"},{"taxonomy":"manset","embeddable":true,"href":"https:\/\/www.urfabugun.com\/index.php\/wp-json\/wp\/v2\/manset?post=8655"}],"curies":[{"name":"wp","href":"https:\/\/api.w.org\/{rel}","templated":true}]}}