{"id":8663,"date":"2023-08-16T09:49:06","date_gmt":"2023-08-16T06:49:06","guid":{"rendered":"https:\/\/www.urfabugun.com\/?p=8663"},"modified":"2023-08-16T09:49:12","modified_gmt":"2023-08-16T06:49:12","slug":"ataturk-dizisi-3-filme-donusturuldu-yayim-tarihleri-belli-oldu","status":"publish","type":"post","link":"https:\/\/www.urfabugun.com\/index.php\/2023\/08\/16\/ataturk-dizisi-3-filme-donusturuldu-yayim-tarihleri-belli-oldu\/","title":{"rendered":"Atat\u00fcrk Dizisi 3 Filme D\u00f6n\u00fc\u015ft\u00fcr\u00fcld\u00fc! Yay\u0131m Tarihleri Belli Oldu!"},"content":{"rendered":"\n<p><\/p>\n\n\n\n<p><strong>Sinema ve televizyonda film olarak yay\u0131nlanmas\u0131na karar verilen ve son zamanlarda g\u00fcndemden d\u00fc\u015fmeyen Atat\u00fcrk dizisinin tarihleri belli oldu.<\/strong><\/p>\n\n\n\n<p>Disney Plus&#8217;\u0131n Ermeni lobilerinin bask\u0131s\u0131yla yay\u0131ndan kald\u0131rd\u0131\u011f\u0131 ileri s\u00fcr\u00fclen 6 b\u00f6l\u00fcml\u00fck Atat\u00fcrk dizisi, ikisi sinemada, biri TV&#8217;de yay\u0131nlanacak \u015fekilde 3 filme d\u00f6n\u00fc\u015f\u00fcyor. Filmlerin ilki 29 Ekim&#8217;de televizyonda di\u011fer ikisi ise 3 Kas\u0131m ve 9 Ocak&#8217;ta sinemalarda yay\u0131nlanacak.<\/p>\n\n\n\n<p><strong>D\u0130Z\u0130, F\u0130LME D\u00d6N\u00dc\u015eT\u00dcR\u00dcLD\u00dc<\/strong><\/p>\n\n\n\n<p>T\u00fcrkiye&#8217;de ge\u00e7en y\u0131l yay\u0131n hayat\u0131na ba\u015flayan Disney Plus, y\u00f6netmenli\u011fini Mehmet Ada \u00d6ztekin&#8217;in yapt\u0131\u011f\u0131, ba\u015frol\u00fcnde Aras Bulut \u0130ynemli&#8217;nin yer ald\u0131\u011f\u0131, T\u00fcrkiye Cumhuriyeti&#8217;nin kurucusu Mustafa Kemal Atat\u00fcrk&#8217;\u00fcn gen\u00e7li\u011finden kesitlerin anlat\u0131ld\u0131\u011f\u0131 Atat\u00fcrk dizisini platformda yay\u0131nlamama karar\u0131 ald\u0131. Disney Plus karar\u0131n ard\u0131ndan ele\u015ftirilerin hedefi olurken 2 A\u011fustos&#8217;ta Walt Disney&#8217;in T\u00fcrkiye ofisi, Atat\u00fcrk dizisinin bir televizyon kanal\u0131nda ve sinemalarda film \u015feklinde yay\u0131nlanaca\u011f\u0131n\u0131 duyurdu.<\/p>\n\n\n\n<p><strong>TAR\u0130HLER NETLE\u015eT\u0130<\/strong><\/p>\n\n\n\n<p>Dizi, T\u00fcrkiye Cumhuriyeti&#8217;nin kurulu\u015funun 100&#8217;\u00fcnc\u00fc y\u0131l d\u00f6n\u00fcm\u00fc etkinliklerinin par\u00e7as\u0131 olarak 29 Ekim 2023 tarihinde, \u00e7ekimi yap\u0131lan 6 b\u00f6l\u00fcm\u00fcn ilk 3 b\u00f6l\u00fcm\u00fcnden se\u00e7ilecek sahnelerin yer ald\u0131\u011f\u0131 film, televizyonda yay\u0131nlanacak. Ayr\u0131ca dizinin 6 b\u00f6l\u00fcml\u00fck serisi, 3&#8217;er b\u00f6l\u00fcmden olu\u015facak 2 film halinde T\u00fcrkiye&#8217;deki sinemalarda g\u00f6sterime girecek. \u0130lk 3 b\u00f6l\u00fcm, 29 Ekim Cumhuriyet Bayram\u0131 haftas\u0131 i\u00e7erisinde 3 Kas\u0131m Cuma g\u00fcn\u00fc sinemalarda seyirciyle bulu\u015facak. Dizinin 4-5-6&#8217;nc\u0131 b\u00f6l\u00fcmlerinden olu\u015fan ikinci k\u0131sm\u0131 ise 6 Ocak Cumartesi g\u00fcn\u00fc sinemalarda g\u00f6sterime girecek. Filmin yap\u0131m ve y\u00f6netmen ekibi, ileriki g\u00fcnlerde konuya ili\u015fkin bas\u0131n toplant\u0131s\u0131 d\u00fczenleyecek.<\/p>\n","protected":false},"excerpt":{"rendered":"<p>Sinema ve televizyonda film olarak yay\u0131nlanmas\u0131na karar verilen ve son zamanlarda g\u00fcndemden d\u00fc\u015fmeyen Atat\u00fcrk dizisinin tarihleri&#46;&#46;&#46;<\/p>\n","protected":false},"author":2,"featured_media":8665,"comment_status":"open","ping_status":"open","sticky":false,"template":"","format":"standard","meta":{"inline_featured_image":false,"footnotes":""},"categories":[84],"tags":[2578,2580,2579,107],"manset":[],"class_list":["post-8663","post","type-post","status-publish","format-standard","has-post-thumbnail","hentry","category-kultur-sanat-haberleri","tag-ataturk-dizisi","tag-ataturk-dizisi-3-filme-donusturuldu-yayim-tarihleri-belli-oldu","tag-disney-plus","tag-ub"],"_links":{"self":[{"href":"https:\/\/www.urfabugun.com\/index.php\/wp-json\/wp\/v2\/posts\/8663","targetHints":{"allow":["GET"]}}],"collection":[{"href":"https:\/\/www.urfabugun.com\/index.php\/wp-json\/wp\/v2\/posts"}],"about":[{"href":"https:\/\/www.urfabugun.com\/index.php\/wp-json\/wp\/v2\/types\/post"}],"author":[{"embeddable":true,"href":"https:\/\/www.urfabugun.com\/index.php\/wp-json\/wp\/v2\/users\/2"}],"replies":[{"embeddable":true,"href":"https:\/\/www.urfabugun.com\/index.php\/wp-json\/wp\/v2\/comments?post=8663"}],"version-history":[{"count":0,"href":"https:\/\/www.urfabugun.com\/index.php\/wp-json\/wp\/v2\/posts\/8663\/revisions"}],"wp:featuredmedia":[{"embeddable":true,"href":"https:\/\/www.urfabugun.com\/index.php\/wp-json\/wp\/v2\/media\/8665"}],"wp:attachment":[{"href":"https:\/\/www.urfabugun.com\/index.php\/wp-json\/wp\/v2\/media?parent=8663"}],"wp:term":[{"taxonomy":"category","embeddable":true,"href":"https:\/\/www.urfabugun.com\/index.php\/wp-json\/wp\/v2\/categories?post=8663"},{"taxonomy":"post_tag","embeddable":true,"href":"https:\/\/www.urfabugun.com\/index.php\/wp-json\/wp\/v2\/tags?post=8663"},{"taxonomy":"manset","embeddable":true,"href":"https:\/\/www.urfabugun.com\/index.php\/wp-json\/wp\/v2\/manset?post=8663"}],"curies":[{"name":"wp","href":"https:\/\/api.w.org\/{rel}","templated":true}]}}