{"id":8667,"date":"2023-08-16T10:01:52","date_gmt":"2023-08-16T07:01:52","guid":{"rendered":"https:\/\/www.urfabugun.com\/?p=8667"},"modified":"2023-08-16T10:01:59","modified_gmt":"2023-08-16T07:01:59","slug":"mitten-nokta-atisi-teror-orgutunun-basin-ve-arsiv-sorumlusu-olduruldu","status":"publish","type":"post","link":"https:\/\/www.urfabugun.com\/index.php\/2023\/08\/16\/mitten-nokta-atisi-teror-orgutunun-basin-ve-arsiv-sorumlusu-olduruldu\/","title":{"rendered":"M\u0130T&#8217;ten Nokta At\u0131\u015f\u0131! Ter\u00f6r \u00d6rg\u00fct\u00fcn\u00fcn Bas\u0131n ve Ar\u015fiv Sorumlusu \u00d6ld\u00fcr\u00fcld\u00fc!"},"content":{"rendered":"\n<p><\/p>\n\n\n\n<p><strong>Son dakika: M\u0130T, ter\u00f6r \u00f6rg\u00fct\u00fc PKK\/KCK&#8217;n\u0131n bas\u0131n ve ar\u015fiv sorumlular\u0131ndan Sidar Serhat kod adl\u0131 Celal Birdal&#8217;\u0131, Irak Gara&#8217;ya ger\u00e7ekle\u015ftirdi\u011fi operasyonla etkisiz hale getirdi.<\/strong><\/p>\n\n\n\n<p>Ter\u00f6rle m\u00fccadelede ter\u00f6r \u00f6rg\u00fct\u00fcne son darbe M\u0130T&#8217;ten geldi. M\u0130T, ter\u00f6r \u00f6rg\u00fct\u00fc PKK\/KCK&#8217;n\u0131n bas\u0131n ve ar\u015fiv sorumlular\u0131ndan Sidar Serhat kod adl\u0131 Celal Birdal&#8217;\u0131, Irak\/ Gara&#8217;da ger\u00e7ekle\u015ftirdi\u011fi operasyonla etkisiz hale getirdi. Operasyonun detaylar\u0131 ortaya \u00e7\u0131kt\u0131.<\/p>\n\n\n\n<p><strong>T\u00dcRK G\u00dcVENL\u0130K G\u00dc\u00c7LER\u0130NE SALDIRILARIN FA\u0130L\u0130<\/strong><\/p>\n\n\n\n<p>M\u0130T, Sidar Serhat Kod Celal Birdal&#8217;\u0131n, Irak kuzeyindeki Zap ve Hakurk alanlar\u0131nda faaliyet g\u00f6sterdi\u011fi d\u00f6nemlerde g\u00fcvenlik g\u00fc\u00e7lerimize kar\u015f\u0131 d\u00fczenlenen \u00e7ok say\u0131da eylemin faili oldu\u011funu belirledi. M\u0130T&#8217;in saha ajanlar\u0131, Sidar Serhat Kod Celal Birdal&#8217;\u0131n baz\u0131 eylemleri bizzat kendisinin ger\u00e7ekle\u015ftirdi\u011fini baz\u0131 eylemler i\u00e7inse di\u011fer ter\u00f6rist gruplar\u0131 y\u00f6nlendirdi\u011fini tespit etti.<\/p>\n\n\n\n<p><strong>M\u0130T HER ADIMINI \u0130ZLED\u0130<\/strong><\/p>\n\n\n\n<p>M\u0130T, Celal Birdal&#8217;\u0131 takip etmesi i\u00e7in saha ajanlar\u0131n\u0131 \u00f6zel olarak g\u00f6revlendirdi. M\u0130T&#8217;in saha ajanlar\u0131, Celal Birdal&#8217;\u0131 ad\u0131m ad\u0131m izledi. M\u0130T&#8217;in yerdeki ajanlar\u0131, Sidar Serhat kodun baz\u0131 \u00f6rg\u00fct mensuplar\u0131n\u0131 eylem i\u00e7in T\u00fcrkiye&#8217;ye gitmeye \u00f6zendirmek amac\u0131yla g\u00f6r\u00fc\u015ft\u00fc\u011f\u00fc bilgisini elde etti. M\u0130T operasyon i\u00e7in d\u00fc\u011fmeye bast\u0131. M\u0130T, nefes kesen takip sonras\u0131 Sidar Serhat kod Celal B\u0130RDAL&#8217;\u0131, beraberindeki di\u011fer \u00f6rg\u00fct mensuplar\u0131yla birlikte etkisiz hale getirdi.<\/p>\n","protected":false},"excerpt":{"rendered":"<p>Son dakika: M\u0130T, ter\u00f6r \u00f6rg\u00fct\u00fc PKK\/KCK&#8217;n\u0131n bas\u0131n ve ar\u015fiv sorumlular\u0131ndan Sidar Serhat kod adl\u0131 Celal Birdal&#8217;\u0131,&#46;&#46;&#46;<\/p>\n","protected":false},"author":2,"featured_media":8669,"comment_status":"open","ping_status":"open","sticky":false,"template":"","format":"standard","meta":{"inline_featured_image":false,"footnotes":""},"categories":[75],"tags":[2582,575,2581,131,2584],"manset":[],"class_list":["post-8667","post","type-post","status-publish","format-standard","has-post-thumbnail","hentry","category-asayis-haberleri","tag-celal-birdal","tag-mit","tag-sidar-serhat","tag-son-dakika","tag-teror-orgutu"],"_links":{"self":[{"href":"https:\/\/www.urfabugun.com\/index.php\/wp-json\/wp\/v2\/posts\/8667","targetHints":{"allow":["GET"]}}],"collection":[{"href":"https:\/\/www.urfabugun.com\/index.php\/wp-json\/wp\/v2\/posts"}],"about":[{"href":"https:\/\/www.urfabugun.com\/index.php\/wp-json\/wp\/v2\/types\/post"}],"author":[{"embeddable":true,"href":"https:\/\/www.urfabugun.com\/index.php\/wp-json\/wp\/v2\/users\/2"}],"replies":[{"embeddable":true,"href":"https:\/\/www.urfabugun.com\/index.php\/wp-json\/wp\/v2\/comments?post=8667"}],"version-history":[{"count":0,"href":"https:\/\/www.urfabugun.com\/index.php\/wp-json\/wp\/v2\/posts\/8667\/revisions"}],"wp:featuredmedia":[{"embeddable":true,"href":"https:\/\/www.urfabugun.com\/index.php\/wp-json\/wp\/v2\/media\/8669"}],"wp:attachment":[{"href":"https:\/\/www.urfabugun.com\/index.php\/wp-json\/wp\/v2\/media?parent=8667"}],"wp:term":[{"taxonomy":"category","embeddable":true,"href":"https:\/\/www.urfabugun.com\/index.php\/wp-json\/wp\/v2\/categories?post=8667"},{"taxonomy":"post_tag","embeddable":true,"href":"https:\/\/www.urfabugun.com\/index.php\/wp-json\/wp\/v2\/tags?post=8667"},{"taxonomy":"manset","embeddable":true,"href":"https:\/\/www.urfabugun.com\/index.php\/wp-json\/wp\/v2\/manset?post=8667"}],"curies":[{"name":"wp","href":"https:\/\/api.w.org\/{rel}","templated":true}]}}