{"id":8673,"date":"2023-08-16T11:06:03","date_gmt":"2023-08-16T08:06:03","guid":{"rendered":"https:\/\/www.urfabugun.com\/?p=8673"},"modified":"2023-08-16T11:06:42","modified_gmt":"2023-08-16T08:06:42","slug":"bakan-isikhan-milyonlarca-emekli-icin-tarih-verdi","status":"publish","type":"post","link":"https:\/\/www.urfabugun.com\/index.php\/2023\/08\/16\/bakan-isikhan-milyonlarca-emekli-icin-tarih-verdi\/","title":{"rendered":"Bakan I\u015f\u0131khan Milyonlarca Emekli \u0130\u00e7in Tarih Verdi!"},"content":{"rendered":"\n<p><\/p>\n\n\n\n<p><strong>En d\u00fc\u015f\u00fck maa\u015f\u0131n 7.500 TL&#8217;de kalmas\u0131yla ge\u00e7im s\u0131k\u0131nt\u0131s\u0131 ya\u015fayan emeklileri heyecanland\u0131ran bir geli\u015fme ya\u015fand\u0131.<\/strong><\/p>\n\n\n\n<p>\u00c7al\u0131\u015fma ve Sosyal G\u00fcvenlik Bakan\u0131 Vedat I\u015f\u0131khan, hayat pahal\u0131l\u0131\u011f\u0131ndan dert yanan bir emekliye &#8220;\u00c7ok rahat olun, l\u00fctfen. Cumhurba\u015fkan\u0131m\u0131z talimat verdi bize. \u00c7al\u0131\u015f\u0131yoruz. S\u00f6z verdik. Meclis a\u00e7\u0131l\u0131r a\u00e7\u0131lmaz, in\u015fallah\u2026&#8221; diyerek maa\u015flara d\u00fczenleme mesaj\u0131 verdi. Bu s\u00f6zlerin ard\u0131ndan emekli zamm\u0131 i\u00e7in g\u00f6zler ekim ay\u0131nda a\u00e7\u0131lacak Meclis&#8217;e \u00e7evrildi.<\/p>\n\n\n\n<p><strong>BAKAN I\u015eIKHAN: CUMHURBA\u015eKANIMIZ TAL\u0130MAT VERD\u0130<\/strong><\/p>\n\n\n\n<p>Bakan I\u015f\u0131khan, \u00c7orum sokaklar\u0131nda y\u00fcr\u00fcrken, bir vatanda\u015f, emeklinin sorunlar\u0131ndan bahsetti. Bakan I\u015f\u0131khan, &#8220;\u00c7ok rahat olun, l\u00fctfen. Cumhurba\u015fkan\u0131m\u0131z talimat verdi bize. \u00c7al\u0131\u015f\u0131yoruz. S\u00f6z verdik. Meclis a\u00e7\u0131l\u0131r a\u00e7\u0131lmaz, in\u015fallah\u2026&#8221; dedi. Bakan I\u015f\u0131khan&#8217;\u0131n s\u00f6zlerinin ard\u0131ndan milyonlarca emeklinin g\u00f6z\u00fc ekim ay\u0131nda a\u00e7\u0131lacak Meclis&#8217;e \u00e7evrildi.<\/p>\n\n\n\n<p><strong>EN D\u00dc\u015e\u00dcK MAA\u015e 7.500 TL&#8217;DE KALDI<\/strong><\/p>\n\n\n\n<p>Temmuzda y\u00fczde 25&#8217;lik zamm\u0131 k\u00f6k maa\u015fa g\u00f6re alan emeklilerin bir b\u00f6l\u00fcm\u00fcn\u00fcn maa\u015flar\u0131 artmad\u0131. Se\u00e7im \u00f6ncesi 5.500 TL&#8217;den 7.500 TL&#8217;ye \u00e7\u0131kan en d\u00fc\u015f\u00fck emekli maa\u015f\u0131 temmuzda da 7.500 TL&#8217;de kald\u0131. Bu durum milyonlar\u0131n tepkisini \u00e7ekerken, h\u00fck\u00fcmet d\u00fczenleme sinyali vermi\u015fti.<\/p>\n\n\n\n<p><strong>EMEKL\u0130LER NE \u0130ST\u0130YOR?<\/strong><\/p>\n\n\n\n<p>Emekliler seyyanen zamm\u0131n yan\u0131nda, primi daha \u00e7ok olana daha fazla maa\u015f verilmesi ve en d\u00fc\u015f\u00fck maa\u015f\u0131n 10 bin liraya \u00e7\u0131kar\u0131lmas\u0131n\u0131 istiyor.<\/p>\n","protected":false},"excerpt":{"rendered":"<p>En d\u00fc\u015f\u00fck maa\u015f\u0131n 7.500 TL&#8217;de kalmas\u0131yla ge\u00e7im s\u0131k\u0131nt\u0131s\u0131 ya\u015fayan emeklileri heyecanland\u0131ran bir geli\u015fme ya\u015fand\u0131. \u00c7al\u0131\u015fma ve&#46;&#46;&#46;<\/p>\n","protected":false},"author":2,"featured_media":8676,"comment_status":"open","ping_status":"open","sticky":false,"template":"","format":"standard","meta":{"inline_featured_image":false,"footnotes":""},"categories":[82],"tags":[2585,1013,131,107],"manset":[],"class_list":["post-8673","post","type-post","status-publish","format-standard","has-post-thumbnail","hentry","category-gundem-haberleri","tag-bakan-isikhan-milyonlarca-emekli-icin-tarih-verdi","tag-emekli","tag-son-dakika","tag-ub"],"_links":{"self":[{"href":"https:\/\/www.urfabugun.com\/index.php\/wp-json\/wp\/v2\/posts\/8673","targetHints":{"allow":["GET"]}}],"collection":[{"href":"https:\/\/www.urfabugun.com\/index.php\/wp-json\/wp\/v2\/posts"}],"about":[{"href":"https:\/\/www.urfabugun.com\/index.php\/wp-json\/wp\/v2\/types\/post"}],"author":[{"embeddable":true,"href":"https:\/\/www.urfabugun.com\/index.php\/wp-json\/wp\/v2\/users\/2"}],"replies":[{"embeddable":true,"href":"https:\/\/www.urfabugun.com\/index.php\/wp-json\/wp\/v2\/comments?post=8673"}],"version-history":[{"count":0,"href":"https:\/\/www.urfabugun.com\/index.php\/wp-json\/wp\/v2\/posts\/8673\/revisions"}],"wp:featuredmedia":[{"embeddable":true,"href":"https:\/\/www.urfabugun.com\/index.php\/wp-json\/wp\/v2\/media\/8676"}],"wp:attachment":[{"href":"https:\/\/www.urfabugun.com\/index.php\/wp-json\/wp\/v2\/media?parent=8673"}],"wp:term":[{"taxonomy":"category","embeddable":true,"href":"https:\/\/www.urfabugun.com\/index.php\/wp-json\/wp\/v2\/categories?post=8673"},{"taxonomy":"post_tag","embeddable":true,"href":"https:\/\/www.urfabugun.com\/index.php\/wp-json\/wp\/v2\/tags?post=8673"},{"taxonomy":"manset","embeddable":true,"href":"https:\/\/www.urfabugun.com\/index.php\/wp-json\/wp\/v2\/manset?post=8673"}],"curies":[{"name":"wp","href":"https:\/\/api.w.org\/{rel}","templated":true}]}}