{"id":8687,"date":"2023-08-16T15:14:13","date_gmt":"2023-08-16T12:14:13","guid":{"rendered":"https:\/\/www.urfabugun.com\/?p=8687"},"modified":"2023-08-16T15:14:19","modified_gmt":"2023-08-16T12:14:19","slug":"prof-dr-naci-gorur-istanbulu-rakam-vererek-uyardi","status":"publish","type":"post","link":"https:\/\/www.urfabugun.com\/index.php\/2023\/08\/16\/prof-dr-naci-gorur-istanbulu-rakam-vererek-uyardi\/","title":{"rendered":"Prof. Dr. Naci G\u00f6r\u00fcr \u0130stanbul\u2019u Rakam Vererek Uyard\u0131!"},"content":{"rendered":"\n<p><\/p>\n\n\n\n<p><strong>Bilim Akademisi Kurucu \u00dcyesi Yer Bilimci Prof. Dr. Naci G\u00f6r\u00fcr, 17 A\u011fustos 1999 depreminin y\u0131l d\u00f6n\u00fcm\u00fcnde olas\u0131 Marmara depremini de\u011ferlendirdi.<\/strong><\/p>\n\n\n\n<p>17 A\u011fustos 1999 depreminin y\u0131l d\u00f6n\u00fcm\u00fcnde olas\u0131 Marmara depremini de\u011ferlendiren yer bilimci Prof. Dr. Naci G\u00f6r\u00fcr, &#8220;Olas\u0131 bir depremde \u0130stanbul kendi kendine yetemez \u00e7\u00fcnk\u00fc hastanelerin ne kadar \u00e7al\u0131\u015faca\u011f\u0131, itfaiyenin ne kadar \u00e7al\u0131\u015faca\u011f\u0131 me\u00e7hul. \u0130stanbul&#8217;da b\u00fcy\u00fck bir kaos s\u00f6z konusu olabilir&#8221; dedi. G\u00f6r\u00fcr ayr\u0131ca \u0130stanbul&#8217;da 7 ve \u00fczerinde bir deprem olas\u0131l\u0131\u011f\u0131n\u0131n y\u00fczde 64 oldu\u011funu da aktard\u0131.<\/p>\n","protected":false},"excerpt":{"rendered":"<p>Bilim Akademisi Kurucu \u00dcyesi Yer Bilimci Prof. Dr. Naci G\u00f6r\u00fcr, 17 A\u011fustos 1999 depreminin y\u0131l d\u00f6n\u00fcm\u00fcnde&#46;&#46;&#46;<\/p>\n","protected":false},"author":2,"featured_media":8689,"comment_status":"open","ping_status":"open","sticky":false,"template":"","format":"standard","meta":{"inline_featured_image":false,"footnotes":""},"categories":[82,90],"tags":[178,2588,118,131,107,608],"manset":[],"class_list":["post-8687","post","type-post","status-publish","format-standard","has-post-thumbnail","hentry","category-gundem-haberleri","category-turkiye-haberleri","tag-deprem","tag-prof-dr-naci-gorur-istanbulu-rakam-vererek-uyardi","tag-sanliurfa","tag-son-dakika","tag-ub","tag-urfa-bugun"],"_links":{"self":[{"href":"https:\/\/www.urfabugun.com\/index.php\/wp-json\/wp\/v2\/posts\/8687","targetHints":{"allow":["GET"]}}],"collection":[{"href":"https:\/\/www.urfabugun.com\/index.php\/wp-json\/wp\/v2\/posts"}],"about":[{"href":"https:\/\/www.urfabugun.com\/index.php\/wp-json\/wp\/v2\/types\/post"}],"author":[{"embeddable":true,"href":"https:\/\/www.urfabugun.com\/index.php\/wp-json\/wp\/v2\/users\/2"}],"replies":[{"embeddable":true,"href":"https:\/\/www.urfabugun.com\/index.php\/wp-json\/wp\/v2\/comments?post=8687"}],"version-history":[{"count":0,"href":"https:\/\/www.urfabugun.com\/index.php\/wp-json\/wp\/v2\/posts\/8687\/revisions"}],"wp:featuredmedia":[{"embeddable":true,"href":"https:\/\/www.urfabugun.com\/index.php\/wp-json\/wp\/v2\/media\/8689"}],"wp:attachment":[{"href":"https:\/\/www.urfabugun.com\/index.php\/wp-json\/wp\/v2\/media?parent=8687"}],"wp:term":[{"taxonomy":"category","embeddable":true,"href":"https:\/\/www.urfabugun.com\/index.php\/wp-json\/wp\/v2\/categories?post=8687"},{"taxonomy":"post_tag","embeddable":true,"href":"https:\/\/www.urfabugun.com\/index.php\/wp-json\/wp\/v2\/tags?post=8687"},{"taxonomy":"manset","embeddable":true,"href":"https:\/\/www.urfabugun.com\/index.php\/wp-json\/wp\/v2\/manset?post=8687"}],"curies":[{"name":"wp","href":"https:\/\/api.w.org\/{rel}","templated":true}]}}