{"id":8704,"date":"2023-08-17T10:26:13","date_gmt":"2023-08-17T07:26:13","guid":{"rendered":"https:\/\/www.urfabugun.com\/?p=8704"},"modified":"2023-08-17T10:26:24","modified_gmt":"2023-08-17T07:26:24","slug":"bozovada-cocuga-cinsel-istismar-sucundan-bir-supheli-tutuklandi","status":"publish","type":"post","link":"https:\/\/www.urfabugun.com\/index.php\/2023\/08\/17\/bozovada-cocuga-cinsel-istismar-sucundan-bir-supheli-tutuklandi\/","title":{"rendered":"Bozova\u2019da \u00c7ocu\u011fa Cinsel \u0130stismar Su\u00e7undan Bir \u015e\u00fcpheli Tutukland\u0131!"},"content":{"rendered":"\n<p><\/p>\n\n\n\n<p><strong>\u015eanl\u0131urfa Valili\u011fi, Bozova il\u00e7esinde, \u00e7ocu\u011fa cinsel istismar su\u00e7undan yabanc\u0131 uyruklu bir \u015f\u00fcphelinin tutukland\u0131\u011f\u0131n\u0131 bildirdi.<\/strong><\/p>\n\n\n\n<p>Valilikten yap\u0131lan yaz\u0131l\u0131 a\u00e7\u0131klamada, il\u00e7ede ger\u00e7ekle\u015fen olay\u0131n ak\u0131\u015f\u0131na y\u00f6nelik kamuoyuna bilgi verildi.<\/p>\n\n\n\n<p>A\u00e7\u0131klamada, 14 A\u011fustos Pazartesi g\u00fcn\u00fc saat 22.15 s\u0131ralar\u0131nda Bozova \u0130l\u00e7e Devlet Hastanesinden adli vaka ihbar\u0131 al\u0131nd\u0131\u011f\u0131, ekiplerin derhal hastaneye sevk edildi\u011fi belirtildi.<\/p>\n\n\n\n<p>Hastanede ma\u011fdur M.Y. adl\u0131 \u00e7ocu\u011fun, yabanc\u0131 uyruklu \u015f\u00fcpheli F.K&#8217;nin cinsel istismar\u0131na u\u011frad\u0131\u011f\u0131n\u0131 beyan etmesi \u00fczerine ivedilikle tahkikat ba\u015flat\u0131ld\u0131\u011f\u0131 ve \u015f\u00fcphelinin yakaland\u0131\u011f\u0131 kaydedildi.<\/p>\n\n\n\n<p>\u015eanl\u0131urfa \u00c7ocuk \u0130zlem Merkezine sevk edilen ma\u011fdur \u00e7ocu\u011fun ailesine teslimiyle birlikte, ilgili kurumlarca ba\u015flat\u0131lan destek ve takip hizmetlerinin hassasiyetle s\u00fcrd\u00fcr\u00fcld\u00fc\u011f\u00fc ifade edildi<\/p>\n\n\n\n<p>A\u00e7\u0131klamada yabanc\u0131 uyruklu \u015f\u00fcpheli F.K&#8217;nin 15 A\u011fustos&#8217;ta sevk edildi\u011fi adli makamca tutukland\u0131\u011f\u0131 belirtildi.<\/p>\n","protected":false},"excerpt":{"rendered":"<p>\u015eanl\u0131urfa Valili\u011fi, Bozova il\u00e7esinde, \u00e7ocu\u011fa cinsel istismar su\u00e7undan yabanc\u0131 uyruklu bir \u015f\u00fcphelinin tutukland\u0131\u011f\u0131n\u0131 bildirdi. Valilikten yap\u0131lan&#46;&#46;&#46;<\/p>\n","protected":false},"author":2,"featured_media":8706,"comment_status":"open","ping_status":"open","sticky":false,"template":"","format":"standard","meta":{"inline_featured_image":false,"footnotes":""},"categories":[75],"tags":[1625,2589,954,131,2167,107],"manset":[],"class_list":["post-8704","post","type-post","status-publish","format-standard","has-post-thumbnail","hentry","category-asayis-haberleri","tag-bozova","tag-cinsel-istismar","tag-sanliurf","tag-son-dakika","tag-suriyeli","tag-ub"],"_links":{"self":[{"href":"https:\/\/www.urfabugun.com\/index.php\/wp-json\/wp\/v2\/posts\/8704","targetHints":{"allow":["GET"]}}],"collection":[{"href":"https:\/\/www.urfabugun.com\/index.php\/wp-json\/wp\/v2\/posts"}],"about":[{"href":"https:\/\/www.urfabugun.com\/index.php\/wp-json\/wp\/v2\/types\/post"}],"author":[{"embeddable":true,"href":"https:\/\/www.urfabugun.com\/index.php\/wp-json\/wp\/v2\/users\/2"}],"replies":[{"embeddable":true,"href":"https:\/\/www.urfabugun.com\/index.php\/wp-json\/wp\/v2\/comments?post=8704"}],"version-history":[{"count":0,"href":"https:\/\/www.urfabugun.com\/index.php\/wp-json\/wp\/v2\/posts\/8704\/revisions"}],"wp:featuredmedia":[{"embeddable":true,"href":"https:\/\/www.urfabugun.com\/index.php\/wp-json\/wp\/v2\/media\/8706"}],"wp:attachment":[{"href":"https:\/\/www.urfabugun.com\/index.php\/wp-json\/wp\/v2\/media?parent=8704"}],"wp:term":[{"taxonomy":"category","embeddable":true,"href":"https:\/\/www.urfabugun.com\/index.php\/wp-json\/wp\/v2\/categories?post=8704"},{"taxonomy":"post_tag","embeddable":true,"href":"https:\/\/www.urfabugun.com\/index.php\/wp-json\/wp\/v2\/tags?post=8704"},{"taxonomy":"manset","embeddable":true,"href":"https:\/\/www.urfabugun.com\/index.php\/wp-json\/wp\/v2\/manset?post=8704"}],"curies":[{"name":"wp","href":"https:\/\/api.w.org\/{rel}","templated":true}]}}